{"id":15518,"date":"2026-04-19T17:39:49","date_gmt":"2026-04-19T15:39:49","guid":{"rendered":"https:\/\/hoegy.de\/homepage\/?p=15518"},"modified":"2026-04-19T17:39:49","modified_gmt":"2026-04-19T15:39:49","slug":"bildungsfahrt-nach-berlin","status":"publish","type":"post","link":"https:\/\/hoegy.de\/homepage\/bildungsfahrt-nach-berlin\/","title":{"rendered":"Bildungsfahrt nach Berlin"},"content":{"rendered":"<section class=\"l-section wpb_row height_small\"><div class=\"l-section-h i-cf\"><div class=\"g-cols vc_row via_flex valign_top type_default stacking_default\"><div class=\"vc_col-sm-12 wpb_column vc_column_container\"><div class=\"vc_column-inner\"><div class=\"wpb_wrapper\"><div class=\"wpb_text_column\"><div class=\"wpb_wrapper\"><p>Als Dank f\u00fcr unsere ehrenamtliche T\u00e4tigkeit als Jugendmoderatoren wurden wir von dem Bundestagsabgeordneten Nils Schmid zu einer Bildungsfahrt nach Berlin eingeladen. Vom 17. bis 20. M\u00e4rz 2026 hatten wir so die M\u00f6glichkeit, die Hauptstadt zu erkunden und Politik einmal aus n\u00e4chster N\u00e4he zu erleben. Nach einer chaotischen Fahrt mit der Deutschen Bahn ging es erstmal ins Hotel. Unser erster Eindruck war sofort: Berlin ist riesig! Die Stadt wirkt sehr lebendig und beeindruckend. Unser erstes Treffen mit Nils Schmid fand zum Abendessen im Hard Rock Caf\u00e9 statt, was f\u00fcr uns ein besonderes Erlebnis war.<\/p>\n<p>Am Mittwoch starteten wir mit einer Stadtrundfahrt durch Berlin. Dabei sahen wir viele bekannte Orte wie das Olympiastadion, Schloss Charlottenburg und den Teufelsberg. Es war sehr spannend, die Stadt so kennenzulernen. Ein besonderes Highlight des Tages war der Besuch im Deutschen Bundestag. Beim Sicherheitscheck mussten wir unsere Ausweise zeigen, unsere Taschen wurden kontrolliert und wir gingen durch einen Sicherheitsscanner.<\/p>\n<p>Nach einem Fototermin im Paul-L\u00f6be-Haus hatten wir eine kurze Begegnung mit Nils Schmid. Anschlie\u00dfend durften wir den Plenarsaal besuchen. Dort war es sehr spannend und auch ein bisschen aufregend. Wir mussten ganz leise sein, durften keine Mine verziehen, nicht klatschen und sollten aufmerksam zuh\u00f6ren. Danach ging es auf die Reichstagskuppel. Von dort hatten wir einen beeindruckenden Blick \u00fcber Berlin und konnten sogar in den Plenarsaal hinuntersehen.<\/p>\n<p>Am Donnerstag besuchten wir das Dokumentationszentrum \u201c Flucht, Vertreibung, Vers\u00f6hnung\u201d .<\/p>\n<p>Dort erfuhren wir viel dar\u00fcber, wie schwer das Leben f\u00fcr viele Menschen w\u00e4hrend und nach dem Krieg war. Die Ausstellung war teilweise sehr traurig und hat uns nachdenklich gemacht. Besonders beeindruckt hat mich die Geschichte von Otto Rosenberg, der die Zeit des Nationalsozialismus \u00fcberlebt hat.<\/p>\n<p>Anschlie\u00dfend hatten wir ein Gespr\u00e4ch im Verteidigungsministerium, bei dem wir viele Informationen \u00fcber den Milit\u00e4rdienst und die Wehrpflicht erhielten, auch z.B. warum sie keine Pflicht ist.<\/p>\n<p>W\u00e4hrend der zweiten Stadtrundfahrt sahen wir weitere Orte, darunter das Staatsbibliothek-Geb\u00e4ude, Kreuzberg 61, den Landwehrkanal und ein St\u00fcck der Berliner Mauer.<\/p>\n<p>Am Freitag besuchten wir die Gedenkst\u00e4tte Deutscher Widerstand. Die F\u00fchrung war sehr spannend und informativ, auch wenn manche Inhalte schwer zu verarbeiten waren. Besonders beeindruckt haben mich die Geschichte von Helmuth H\u00fcbener und die Blindenwerkstatt von Otto Weidt.<\/p>\n<p>Danach traten wir die R\u00fcckreise nach Hause an.<\/p>\n<p>Die Berlinfahrt war f\u00fcr uns eine besondere und lehrreiche Erfahrung. wir haben viele neue Eindr\u00fccke gesammelt, spannende Orte gesehen und einen Einblick in die politische Arbeit und die deutsche Geschichte bekommen.<\/p>\n<p>Mein pers\u00f6nliches Highlight war der Besuch im Bundestag. Es war etwas ganz Besonderes, diesen Ort einmal selbst zu erleben. Insgesamt war die Fahrt eine tolle Mischung aus Lernen, neuen Erfahrungen und gemeinsamen Erlebnissen, die wir so schnell nicht vergessen werden.<\/p>\n<p>Klara M\u00fchlhause<\/p>\n<\/div><\/div><div class=\"w-slider style_none fit_scaledown nav_none count_4\"><div class=\"w-slider-h\" aria-hidden=\"true\"><div class=\"royalSlider\"><div class=\"rsContent\"><a class=\"rsImg\" data-rsw=\"1024\" data-rsh=\"768\" href=\"https:\/\/hoegy.de\/homepage\/hgy-media\/IMG-20260415-WA0056-1024x768.avif\"><span data-alt=\"\"><\/span><\/a><\/div><div class=\"rsContent\"><a class=\"rsImg\" data-rsw=\"1024\" data-rsh=\"768\" href=\"https:\/\/hoegy.de\/homepage\/hgy-media\/IMG-20260415-WA0061-1024x768.avif\"><span data-alt=\"\"><\/span><\/a><\/div><div class=\"rsContent\"><a class=\"rsImg\" data-rsw=\"768\" data-rsh=\"1024\" href=\"https:\/\/hoegy.de\/homepage\/hgy-media\/IMG-20260318-WA0027-768x1024.avif\"><span data-alt=\"\"><\/span><\/a><\/div><div class=\"rsContent\"><a class=\"rsImg\" data-rsw=\"674\" data-rsh=\"1024\" href=\"https:\/\/hoegy.de\/homepage\/hgy-media\/IMG-20260323-WA0042-674x1024.avif\"><span data-alt=\"\"><\/span><\/a><\/div><\/div><img decoding=\"async\" src=\"https:\/\/hoegy.de\/homepage\/hgy-media\/IMG-20260415-WA0056-1024x768.avif\" width=\"1024\" height=\"768\" alt loading=\"lazy\"><\/div><div class=\"w-slider-json\" onclick='return {&quot;autoScaleSlider&quot;:true,&quot;addActiveClass&quot;:true,&quot;loop&quot;:true,&quot;fadeInLoadedSlide&quot;:false,&quot;slidesSpacing&quot;:0,&quot;imageScalePadding&quot;:0,&quot;numImagesToPreload&quot;:2,&quot;arrowsNav&quot;:true,&quot;arrowsNavAutoHide&quot;:false,&quot;transitionType&quot;:&quot;move&quot;,&quot;transitionSpeed&quot;:250,&quot;block&quot;:{&quot;moveEffect&quot;:&quot;none&quot;,&quot;speed&quot;:300},&quot;thumbs&quot;:{&quot;fitInViewport&quot;:false,&quot;firstMargin&quot;:false,&quot;spacing&quot;:4},&quot;controlNavigation&quot;:&quot;none&quot;,&quot;autoScaleSliderWidth&quot;:1024,&quot;autoScaleSliderHeight&quot;:768}'><\/div><\/div><\/div><\/div><\/div><\/div><\/div><\/section>\n","protected":false},"excerpt":{"rendered":"Als Dank f\u00fcr unsere ehrenamtliche T\u00e4tigkeit als Jugendmoderatoren wurden wir von dem Bundestagsabgeordneten Nils Schmid zu einer Bildungsfahrt nach Berlin eingeladen. Vom 17. bis 20. M\u00e4rz 2026 hatten wir so die M\u00f6glichkeit, die Hauptstadt zu erkunden und Politik einmal aus n\u00e4chster N\u00e4he zu erleben. Nach einer chaotischen Fahrt mit der Deutschen Bahn ging es erstmal...","protected":false},"author":8,"featured_media":15519,"comment_status":"closed","ping_status":"open","sticky":false,"template":"","format":"standard","meta":{"footnotes":""},"categories":[1],"tags":[],"class_list":["post-15518","post","type-post","status-publish","format-standard","has-post-thumbnail","hentry","category-news"],"publishpress_future_action":{"enabled":false,"date":"2026-05-06 03:22:38","action":"change-status","newStatus":"draft","terms":[],"taxonomy":"category","extraData":[]},"publishpress_future_workflow_manual_trigger":{"enabledWorkflows":[]},"_links":{"self":[{"href":"https:\/\/hoegy.de\/homepage\/wp-json\/wp\/v2\/posts\/15518","targetHints":{"allow":["GET"]}}],"collection":[{"href":"https:\/\/hoegy.de\/homepage\/wp-json\/wp\/v2\/posts"}],"about":[{"href":"https:\/\/hoegy.de\/homepage\/wp-json\/wp\/v2\/types\/post"}],"author":[{"embeddable":true,"href":"https:\/\/hoegy.de\/homepage\/wp-json\/wp\/v2\/users\/8"}],"replies":[{"embeddable":true,"href":"https:\/\/hoegy.de\/homepage\/wp-json\/wp\/v2\/comments?post=15518"}],"version-history":[{"count":1,"href":"https:\/\/hoegy.de\/homepage\/wp-json\/wp\/v2\/posts\/15518\/revisions"}],"predecessor-version":[{"id":15523,"href":"https:\/\/hoegy.de\/homepage\/wp-json\/wp\/v2\/posts\/15518\/revisions\/15523"}],"wp:featuredmedia":[{"embeddable":true,"href":"https:\/\/hoegy.de\/homepage\/wp-json\/wp\/v2\/media\/15519"}],"wp:attachment":[{"href":"https:\/\/hoegy.de\/homepage\/wp-json\/wp\/v2\/media?parent=15518"}],"wp:term":[{"taxonomy":"category","embeddable":true,"href":"https:\/\/hoegy.de\/homepage\/wp-json\/wp\/v2\/categories?post=15518"},{"taxonomy":"post_tag","embeddable":true,"href":"https:\/\/hoegy.de\/homepage\/wp-json\/wp\/v2\/tags?post=15518"}],"curies":[{"name":"wp","href":"https:\/\/api.w.org\/{rel}","templated":true}]}}