{"id":1622,"date":"2019-01-06T17:34:06","date_gmt":"2019-01-06T16:34:06","guid":{"rendered":"https:\/\/hoegy.de\/homepage\/?p=1622"},"modified":"2019-01-08T14:04:54","modified_gmt":"2019-01-08T13:04:54","slug":"jazz-more-konzert-und-workshop","status":"publish","type":"post","link":"https:\/\/hoegy.de\/homepage\/jazz-more-konzert-und-workshop\/","title":{"rendered":"Jazz &#038; More Konzert und Workshop"},"content":{"rendered":"<p><img decoding=\"async\" class=\"alignnone size-full wp-image-1623 lazyload\" data-src=\"https:\/\/hoegy.de\/homepage\/hgy-media\/JazzandMoreCollective.jpeg\" alt=\"\" width=\"396\" height=\"284\" data-srcset=\"https:\/\/hoegy.de\/homepage\/hgy-media\/JazzandMoreCollective.jpeg 396w, https:\/\/hoegy.de\/homepage\/hgy-media\/JazzandMoreCollective-200x143.jpeg 200w, https:\/\/hoegy.de\/homepage\/hgy-media\/JazzandMoreCollective-125x90.jpeg 125w\" data-sizes=\"(max-width: 396px) 100vw, 396px\" src=\"data:image\/svg+xml;base64,PHN2ZyB3aWR0aD0iMSIgaGVpZ2h0PSIxIiB4bWxucz0iaHR0cDovL3d3dy53My5vcmcvMjAwMC9zdmciPjwvc3ZnPg==\" style=\"--smush-placeholder-width: 396px; --smush-placeholder-aspect-ratio: 396\/284;\" \/><\/p>\n\n\n<p>Am<strong> Mittwoch 23. Januar 2019,<\/strong> ist das <strong>\u201eJazz&amp;More Collective\u201c<\/strong> mit seinem Workshop- und Konzert-Projekt <strong>am H\u00f6lderlin Gymnasium <\/strong>zu Gast. Das \u00f6ffentliche Abschlusskonzert des Tages beginnt um 19:30 Uhr im H\u00f6gy Festsaal. <br>Wohl nur selten d\u00fcrfte man wie hier Gelegenheit haben, so viele Jazzgr\u00f6\u00dfen in ihrem Element zu erleben. <br>Zum Auftakt des Jazz&amp;More-Konzerts hei\u00dft es: B\u00fchne frei f\u00fcr den Nachwuchs! Die Workshop-Teilnehmer der H\u00f6gy Big Band bringen ihre neu erarbeiteten St\u00fccke zu Geh\u00f6r.<\/p>\n","protected":false},"excerpt":{"rendered":"<p>Am Mittwoch 23. Januar 2019, ist das \u201eJazz&amp;More Collective\u201c mit seinem Workshop- und Konzert-Projekt am H\u00f6lderlin Gymnasium zu Gast. Das \u00f6ffentliche Abschlusskonzert des Tages beginnt um 19:30 Uhr im H\u00f6gy Festsaal. Wohl nur selten d\u00fcrfte man wie hier Gelegenheit haben, so viele Jazzgr\u00f6\u00dfen in ihrem Element zu erleben. Zum Auftakt des Jazz&amp;More-Konzerts hei\u00dft es: B\u00fchne&#8230;<\/p>\n","protected":false},"author":17,"featured_media":1628,"comment_status":"closed","ping_status":"open","sticky":false,"template":"","format":"standard","meta":{"footnotes":""},"categories":[1],"tags":[],"class_list":["post-1622","post","type-post","status-publish","format-standard","has-post-thumbnail","hentry","category-news"],"publishpress_future_action":{"enabled":false,"date":"2026-05-10 13:03:34","action":"change-status","newStatus":"draft","terms":[],"taxonomy":"category","extraData":[]},"publishpress_future_workflow_manual_trigger":{"enabledWorkflows":[]},"_links":{"self":[{"href":"https:\/\/hoegy.de\/homepage\/wp-json\/wp\/v2\/posts\/1622","targetHints":{"allow":["GET"]}}],"collection":[{"href":"https:\/\/hoegy.de\/homepage\/wp-json\/wp\/v2\/posts"}],"about":[{"href":"https:\/\/hoegy.de\/homepage\/wp-json\/wp\/v2\/types\/post"}],"author":[{"embeddable":true,"href":"https:\/\/hoegy.de\/homepage\/wp-json\/wp\/v2\/users\/17"}],"replies":[{"embeddable":true,"href":"https:\/\/hoegy.de\/homepage\/wp-json\/wp\/v2\/comments?post=1622"}],"version-history":[{"count":5,"href":"https:\/\/hoegy.de\/homepage\/wp-json\/wp\/v2\/posts\/1622\/revisions"}],"predecessor-version":[{"id":1639,"href":"https:\/\/hoegy.de\/homepage\/wp-json\/wp\/v2\/posts\/1622\/revisions\/1639"}],"wp:featuredmedia":[{"embeddable":true,"href":"https:\/\/hoegy.de\/homepage\/wp-json\/wp\/v2\/media\/1628"}],"wp:attachment":[{"href":"https:\/\/hoegy.de\/homepage\/wp-json\/wp\/v2\/media?parent=1622"}],"wp:term":[{"taxonomy":"category","embeddable":true,"href":"https:\/\/hoegy.de\/homepage\/wp-json\/wp\/v2\/categories?post=1622"},{"taxonomy":"post_tag","embeddable":true,"href":"https:\/\/hoegy.de\/homepage\/wp-json\/wp\/v2\/tags?post=1622"}],"curies":[{"name":"wp","href":"https:\/\/api.w.org\/{rel}","templated":true}]}}