{"id":2388,"date":"2019-07-18T12:23:38","date_gmt":"2019-07-18T10:23:38","guid":{"rendered":"https:\/\/hoegy.de\/homepage\/?p=2388"},"modified":"2019-07-18T22:35:41","modified_gmt":"2019-07-18T20:35:41","slug":"dr-nils-schmid-zu-besuch-bei-der-smv","status":"publish","type":"post","link":"https:\/\/hoegy.de\/homepage\/dr-nils-schmid-zu-besuch-bei-der-smv\/","title":{"rendered":"Dr. Nils Schmid zu Besuch bei der SMV"},"content":{"rendered":"<p>Am Dienstag, 16.7. besuchte Dr. Nils Schmid (MdB) unsere SMV und das H\u00f6Gy f\u00fcr zwei Stunden.<\/p>\n<p>Der Besuch begann mit einer Besichtigung des Hauses, bei der sich bereits ein guter Eindruck von der Lernumgebung am H\u00f6Gy verschafft werden konnte. Im Rahmen der F\u00fchrung zeigte sich Dr. Nils Schmid sehr interessiert, wie die Sch\u00fclerinnen und Sch\u00fcler am H\u00f6Gy lernen oder auch welche vielf\u00e4ltigen M\u00f6glichkeiten unsere Schule bietet; aber auch die Probleme am H\u00f6Gy (veraltetes Geb\u00e4ude\/ Ausstattung; Hitze in den oberen R\u00e4umen; Platznot usw.) wurden deutlich angesprochen: Unterstrichen wurde dies durch einen Blick in einzelne Unterrichtsstunden bzw. R\u00e4ume.<\/p>\n<p>Im Anschluss pr\u00e4sentierte der SoD-AK seine Entstehungsgeschichte, aktuelle sowie zuk\u00fcnftige Projekte und leitete damit zu einem Austausch \u00fcber die aktuelle Debatte um Rassismus und Diskriminierung in der Gesellschaft, aber auch der Schule \u00fcber. Klar wurde, dass wir am H\u00f6Gy \u2013 im Gegensatz zu anderen Schulen oder Schularten \u2013 keinen Kontakt mit rassistischen \u00c4u\u00dferungen\/ Handlungen haben und uns somit gl\u00fccklich sch\u00e4tzen k\u00f6nnen. Auch wurde deutlich, dass in unserer Schule die Herkunft oder Religion keine \u00fcbergeordnete Rolle spielt und es den Sch\u00fclern \u201eegal ist, woher ihre Freunde kommen; Hauptsache man teilt die selben Vorlieben und Werte\u201c.\u00a0 Von beiden Seiten wurden aber auch Bedenken \u00fcber die derzeitige Entwicklung der zunehmend fremdenfeindlichen\u00a0 Tendenzen ge\u00e4u\u00dfert. Der SoD-AK machte klar, dass er sich nicht als aktiver Bek\u00e4mpfer des Rassismus oder der Diskriminierung sehen m\u00f6chte, sondern vielmehr als pr\u00e4ventiv agierendes Schulorgan. Dr. Nils Schmid verabschiedete sich vom H\u00f6Gy mit dem Wunsch, eine\u00a0 unserer n\u00e4chsten Veranstaltungen im Rahmen des Projekts \u201eSchule ohne Diskriminierung, Schule mit Courage\u201c zu besuchen.<\/p>\n<p><img decoding=\"async\" class=\"alignnone wp-image-2389 size-full lazyload\" data-src=\"https:\/\/hoegy.de\/homepage\/hgy-media\/Nils-Schmid.jpeg\" alt=\"\" width=\"1600\" height=\"1200\" src=\"data:image\/svg+xml;base64,PHN2ZyB3aWR0aD0iMSIgaGVpZ2h0PSIxIiB4bWxucz0iaHR0cDovL3d3dy53My5vcmcvMjAwMC9zdmciPjwvc3ZnPg==\" style=\"--smush-placeholder-width: 1600px; --smush-placeholder-aspect-ratio: 1600\/1200;\" \/><\/p>\n","protected":false},"excerpt":{"rendered":"<p>Am Dienstag, 16.7. besuchte Dr. Nils Schmid (MdB) unsere SMV und das H\u00f6Gy f\u00fcr zwei Stunden. Der Besuch begann mit einer Besichtigung des Hauses, bei der sich bereits ein guter Eindruck von der Lernumgebung am H\u00f6Gy verschafft werden konnte. Im Rahmen der F\u00fchrung zeigte sich Dr. Nils Schmid sehr interessiert, wie die Sch\u00fclerinnen und Sch\u00fcler&#8230;<\/p>\n","protected":false},"author":8,"featured_media":2389,"comment_status":"closed","ping_status":"open","sticky":false,"template":"","format":"standard","meta":{"footnotes":""},"categories":[1],"tags":[],"class_list":["post-2388","post","type-post","status-publish","format-standard","has-post-thumbnail","hentry","category-news"],"publishpress_future_action":{"enabled":false,"date":"2026-05-03 12:50:37","action":"change-status","newStatus":"draft","terms":[],"taxonomy":"category","extraData":[]},"publishpress_future_workflow_manual_trigger":{"enabledWorkflows":[]},"_links":{"self":[{"href":"https:\/\/hoegy.de\/homepage\/wp-json\/wp\/v2\/posts\/2388","targetHints":{"allow":["GET"]}}],"collection":[{"href":"https:\/\/hoegy.de\/homepage\/wp-json\/wp\/v2\/posts"}],"about":[{"href":"https:\/\/hoegy.de\/homepage\/wp-json\/wp\/v2\/types\/post"}],"author":[{"embeddable":true,"href":"https:\/\/hoegy.de\/homepage\/wp-json\/wp\/v2\/users\/8"}],"replies":[{"embeddable":true,"href":"https:\/\/hoegy.de\/homepage\/wp-json\/wp\/v2\/comments?post=2388"}],"version-history":[{"count":1,"href":"https:\/\/hoegy.de\/homepage\/wp-json\/wp\/v2\/posts\/2388\/revisions"}],"predecessor-version":[{"id":2390,"href":"https:\/\/hoegy.de\/homepage\/wp-json\/wp\/v2\/posts\/2388\/revisions\/2390"}],"wp:featuredmedia":[{"embeddable":true,"href":"https:\/\/hoegy.de\/homepage\/wp-json\/wp\/v2\/media\/2389"}],"wp:attachment":[{"href":"https:\/\/hoegy.de\/homepage\/wp-json\/wp\/v2\/media?parent=2388"}],"wp:term":[{"taxonomy":"category","embeddable":true,"href":"https:\/\/hoegy.de\/homepage\/wp-json\/wp\/v2\/categories?post=2388"},{"taxonomy":"post_tag","embeddable":true,"href":"https:\/\/hoegy.de\/homepage\/wp-json\/wp\/v2\/tags?post=2388"}],"curies":[{"name":"wp","href":"https:\/\/api.w.org\/{rel}","templated":true}]}}