{"id":2569,"date":"2019-09-09T12:42:09","date_gmt":"2019-09-09T10:42:09","guid":{"rendered":"https:\/\/hoegy.de\/homepage\/?p=2569"},"modified":"2019-09-09T12:42:47","modified_gmt":"2019-09-09T10:42:47","slug":"strick-und-haekel-ag","status":"publish","type":"post","link":"https:\/\/hoegy.de\/homepage\/strick-und-haekel-ag\/","title":{"rendered":"Strick- und H\u00e4kel-AG"},"content":{"rendered":"<p><a ref=\"magnificPopup\" href=\"https:\/\/hoegy.de\/homepage\/hgy-media\/DSC05494.jpg\"><img decoding=\"async\" class=\"wp-image-2570 alignright lazyload\" data-src=\"https:\/\/hoegy.de\/homepage\/hgy-media\/DSC05494.jpg\" alt=\"\" width=\"250\" height=\"334\" src=\"data:image\/svg+xml;base64,PHN2ZyB3aWR0aD0iMSIgaGVpZ2h0PSIxIiB4bWxucz0iaHR0cDovL3d3dy53My5vcmcvMjAwMC9zdmciPjwvc3ZnPg==\" style=\"--smush-placeholder-width: 250px; --smush-placeholder-aspect-ratio: 250\/334;\" \/><\/a>Nach sechs Jahren m\u00fcssen wir uns leider von unsere Strick- und H\u00e4kel-AG verabschieden. F\u00fcr diese lange Zeit und die vielen kreativen Ideen bedanken wir uns ganz herzlich bei Frau Kremnitzer und Frau Tuchscherer. <a ref=\"magnificPopup\" href=\"https:\/\/hoegy.de\/homepage\/hgy-media\/20190716_132341.jpg\"><img decoding=\"async\" class=\"alignnone wp-image-2571 lazyload\" data-src=\"https:\/\/hoegy.de\/homepage\/hgy-media\/20190716_132341.jpg\" alt=\"\" width=\"476\" height=\"268\" data-srcset=\"https:\/\/hoegy.de\/homepage\/hgy-media\/20190716_132341.jpg 3264w, https:\/\/hoegy.de\/homepage\/hgy-media\/20190716_132341-200x113.jpg 200w, https:\/\/hoegy.de\/homepage\/hgy-media\/20190716_132341-1024x576.jpg 1024w, https:\/\/hoegy.de\/homepage\/hgy-media\/20190716_132341-160x90.jpg 160w, https:\/\/hoegy.de\/homepage\/hgy-media\/20190716_132341-1320x743.jpg 1320w\" data-sizes=\"(max-width: 476px) 100vw, 476px\" src=\"data:image\/svg+xml;base64,PHN2ZyB3aWR0aD0iMSIgaGVpZ2h0PSIxIiB4bWxucz0iaHR0cDovL3d3dy53My5vcmcvMjAwMC9zdmciPjwvc3ZnPg==\" style=\"--smush-placeholder-width: 476px; --smush-placeholder-aspect-ratio: 476\/268;\" \/><\/a><\/p>\n","protected":false},"excerpt":{"rendered":"<p>Nach sechs Jahren m\u00fcssen wir uns leider von unsere Strick- und H\u00e4kel-AG verabschieden. F\u00fcr diese lange Zeit und die vielen kreativen Ideen bedanken wir uns ganz herzlich bei Frau Kremnitzer und Frau Tuchscherer.<\/p>\n","protected":false},"author":1,"featured_media":2570,"comment_status":"closed","ping_status":"open","sticky":false,"template":"","format":"standard","meta":{"footnotes":""},"categories":[1],"tags":[],"class_list":["post-2569","post","type-post","status-publish","format-standard","has-post-thumbnail","hentry","category-news"],"publishpress_future_action":{"enabled":false,"date":"2026-05-06 09:58:38","action":"change-status","newStatus":"draft","terms":[],"taxonomy":"category","extraData":[]},"publishpress_future_workflow_manual_trigger":{"enabledWorkflows":[]},"_links":{"self":[{"href":"https:\/\/hoegy.de\/homepage\/wp-json\/wp\/v2\/posts\/2569","targetHints":{"allow":["GET"]}}],"collection":[{"href":"https:\/\/hoegy.de\/homepage\/wp-json\/wp\/v2\/posts"}],"about":[{"href":"https:\/\/hoegy.de\/homepage\/wp-json\/wp\/v2\/types\/post"}],"author":[{"embeddable":true,"href":"https:\/\/hoegy.de\/homepage\/wp-json\/wp\/v2\/users\/1"}],"replies":[{"embeddable":true,"href":"https:\/\/hoegy.de\/homepage\/wp-json\/wp\/v2\/comments?post=2569"}],"version-history":[{"count":1,"href":"https:\/\/hoegy.de\/homepage\/wp-json\/wp\/v2\/posts\/2569\/revisions"}],"predecessor-version":[{"id":2572,"href":"https:\/\/hoegy.de\/homepage\/wp-json\/wp\/v2\/posts\/2569\/revisions\/2572"}],"wp:featuredmedia":[{"embeddable":true,"href":"https:\/\/hoegy.de\/homepage\/wp-json\/wp\/v2\/media\/2570"}],"wp:attachment":[{"href":"https:\/\/hoegy.de\/homepage\/wp-json\/wp\/v2\/media?parent=2569"}],"wp:term":[{"taxonomy":"category","embeddable":true,"href":"https:\/\/hoegy.de\/homepage\/wp-json\/wp\/v2\/categories?post=2569"},{"taxonomy":"post_tag","embeddable":true,"href":"https:\/\/hoegy.de\/homepage\/wp-json\/wp\/v2\/tags?post=2569"}],"curies":[{"name":"wp","href":"https:\/\/api.w.org\/{rel}","templated":true}]}}