{"id":2661,"date":"2019-09-21T08:43:07","date_gmt":"2019-09-21T06:43:07","guid":{"rendered":"https:\/\/hoegy.de\/homepage\/?p=2661"},"modified":"2019-09-21T08:43:07","modified_gmt":"2019-09-21T06:43:07","slug":"nachhaltigkeits-forum","status":"publish","type":"post","link":"https:\/\/hoegy.de\/homepage\/nachhaltigkeits-forum\/","title":{"rendered":"Nachhaltigkeits-Forum"},"content":{"rendered":"<p>Nicht nur auf Stra\u00dfen und Pl\u00e4tzen weltweit, auch am H\u00f6Gy besch\u00e4ftigt man sich mit dem Klimaschutz. Deshalb trafen sich aus aktuellem Anlass \u00a0alle Sch\u00fclerinnen und Sch\u00fcler der Klassen 7 bis 12 auf Einladung der SMV und der Schulleitung im Festsaal, um sich mit dem Thema Nachhaltigkeit im \u00f6kologischen und sozialen Bereich zu besch\u00e4ftigen. Hierbei wurden viele Ideen gesammelt, was wir in dieser Hinsicht in Zukunft tun k\u00f6nnen und wollen.<\/p>\n<p><img decoding=\"async\" class=\"alignnone wp-image-2662 lazyload\" data-src=\"https:\/\/hoegy.de\/homepage\/hgy-media\/Forum-Nachhaltigkeit-200x133.jpg\" alt=\"\" width=\"732\" height=\"487\" data-srcset=\"https:\/\/hoegy.de\/homepage\/hgy-media\/Forum-Nachhaltigkeit-200x133.jpg 200w, https:\/\/hoegy.de\/homepage\/hgy-media\/Forum-Nachhaltigkeit-1024x683.jpg 1024w, https:\/\/hoegy.de\/homepage\/hgy-media\/Forum-Nachhaltigkeit-600x400.jpg 600w, https:\/\/hoegy.de\/homepage\/hgy-media\/Forum-Nachhaltigkeit-135x90.jpg 135w, https:\/\/hoegy.de\/homepage\/hgy-media\/Forum-Nachhaltigkeit-1320x880.jpg 1320w\" data-sizes=\"(max-width: 732px) 100vw, 732px\" src=\"data:image\/svg+xml;base64,PHN2ZyB3aWR0aD0iMSIgaGVpZ2h0PSIxIiB4bWxucz0iaHR0cDovL3d3dy53My5vcmcvMjAwMC9zdmciPjwvc3ZnPg==\" style=\"--smush-placeholder-width: 732px; --smush-placeholder-aspect-ratio: 732\/487;\" \/><\/p>\n","protected":false},"excerpt":{"rendered":"<p>Nicht nur auf Stra\u00dfen und Pl\u00e4tzen weltweit, auch am H\u00f6Gy besch\u00e4ftigt man sich mit dem Klimaschutz. Deshalb trafen sich aus aktuellem Anlass \u00a0alle Sch\u00fclerinnen und Sch\u00fcler der Klassen 7 bis 12 auf Einladung der SMV und der Schulleitung im Festsaal, um sich mit dem Thema Nachhaltigkeit im \u00f6kologischen und sozialen Bereich zu besch\u00e4ftigen. Hierbei wurden&#8230;<\/p>\n","protected":false},"author":8,"featured_media":2663,"comment_status":"closed","ping_status":"open","sticky":false,"template":"","format":"standard","meta":{"footnotes":""},"categories":[1],"tags":[],"class_list":["post-2661","post","type-post","status-publish","format-standard","has-post-thumbnail","hentry","category-news"],"publishpress_future_action":{"enabled":false,"date":"2026-05-04 05:56:51","action":"change-status","newStatus":"draft","terms":[],"taxonomy":"category","extraData":[]},"publishpress_future_workflow_manual_trigger":{"enabledWorkflows":[]},"_links":{"self":[{"href":"https:\/\/hoegy.de\/homepage\/wp-json\/wp\/v2\/posts\/2661","targetHints":{"allow":["GET"]}}],"collection":[{"href":"https:\/\/hoegy.de\/homepage\/wp-json\/wp\/v2\/posts"}],"about":[{"href":"https:\/\/hoegy.de\/homepage\/wp-json\/wp\/v2\/types\/post"}],"author":[{"embeddable":true,"href":"https:\/\/hoegy.de\/homepage\/wp-json\/wp\/v2\/users\/8"}],"replies":[{"embeddable":true,"href":"https:\/\/hoegy.de\/homepage\/wp-json\/wp\/v2\/comments?post=2661"}],"version-history":[{"count":1,"href":"https:\/\/hoegy.de\/homepage\/wp-json\/wp\/v2\/posts\/2661\/revisions"}],"predecessor-version":[{"id":2664,"href":"https:\/\/hoegy.de\/homepage\/wp-json\/wp\/v2\/posts\/2661\/revisions\/2664"}],"wp:featuredmedia":[{"embeddable":true,"href":"https:\/\/hoegy.de\/homepage\/wp-json\/wp\/v2\/media\/2663"}],"wp:attachment":[{"href":"https:\/\/hoegy.de\/homepage\/wp-json\/wp\/v2\/media?parent=2661"}],"wp:term":[{"taxonomy":"category","embeddable":true,"href":"https:\/\/hoegy.de\/homepage\/wp-json\/wp\/v2\/categories?post=2661"},{"taxonomy":"post_tag","embeddable":true,"href":"https:\/\/hoegy.de\/homepage\/wp-json\/wp\/v2\/tags?post=2661"}],"curies":[{"name":"wp","href":"https:\/\/api.w.org\/{rel}","templated":true}]}}