{"id":2985,"date":"2019-12-15T20:58:08","date_gmt":"2019-12-15T19:58:08","guid":{"rendered":"https:\/\/hoegy.de\/homepage\/?p=2985"},"modified":"2019-12-15T20:58:08","modified_gmt":"2019-12-15T19:58:08","slug":"schueler-des-hoelderlin-gymnasiums-bei-iba-konferenz-in-berlin","status":"publish","type":"post","link":"https:\/\/hoegy.de\/homepage\/schueler-des-hoelderlin-gymnasiums-bei-iba-konferenz-in-berlin\/","title":{"rendered":"Sch\u00fcler des H\u00f6lderlin-Gymnasiums bei IBA-Konferenz in Berlin"},"content":{"rendered":"<p>\u201eMore-future &#8211; erz\u00e4hl mir Deine Zukunft\u201c: im Rahmen einer Kooperation zwischen Schule und Hochschule nahmen Sch\u00fclerinnen und Sch\u00fcler des H\u00f6lderlin-Gymnasiums im Sommer 2018 an einem Projekt der Hochschule f\u00fcr Wirtschaft und Umwelt N\u00fcrtingen-Geislingen (HfWU) teil. Zu der Frage &#8220;Was besch\u00e4ftigt junge Menschen, wenn sie an die Zukunft denken?&#8221; entstanden Essays, Bilder und Gedichte. Im November 2019 fand nun auf Einladung des Bundesministeriums des Innern, f\u00fcr Bau und Heimat in Berlin eine Konferenz von sechs Internationalen Bauausstellungen (IBA) statt, bei der sich die Experten \u00fcber ihre Erfahrungen austauschten. Matthias Doster und Marius Baumann vom H\u00f6lderlin-Gymnasium waren eingeladen, auch hier die Perspektive junger Menschen einzubringen. &#8220;F\u00fcr uns pers\u00f6nlich war die Konferenz sehr interessant und bereichernd, denn wir durften erleben, wie Experten verschiedenster L\u00e4nder sich Gedanken \u00fcber das Leben in der Zukunft machen&#8221;, so Marius Baumann. Vorgetragen wurde auch ein Gedicht\u00a0 von Tuana Y\u00fcksel, die selbst nicht in Berlin sein konnte. In ihrem Text setzt sie sich mit dem Ph\u00e4nomen der &#8220;Zeit&#8221; auseinander.<\/p>\n<p><img decoding=\"async\" class=\"alignnone size-large wp-image-2986 lazyload\" data-src=\"https:\/\/hoegy.de\/homepage\/hgy-media\/IBA_0187-1024x683.jpg\" alt=\"\" width=\"640\" height=\"427\" src=\"data:image\/svg+xml;base64,PHN2ZyB3aWR0aD0iMSIgaGVpZ2h0PSIxIiB4bWxucz0iaHR0cDovL3d3dy53My5vcmcvMjAwMC9zdmciPjwvc3ZnPg==\" style=\"--smush-placeholder-width: 640px; --smush-placeholder-aspect-ratio: 640\/427;\" \/><img decoding=\"async\" class=\"alignnone size-large wp-image-2987 lazyload\" data-src=\"https:\/\/hoegy.de\/homepage\/hgy-media\/IBA_0104-1024x683.jpg\" alt=\"\" width=\"640\" height=\"427\" data-srcset=\"https:\/\/hoegy.de\/homepage\/hgy-media\/IBA_0104-1024x683.jpg 1024w, https:\/\/hoegy.de\/homepage\/hgy-media\/IBA_0104-200x133.jpg 200w, https:\/\/hoegy.de\/homepage\/hgy-media\/IBA_0104-1536x1024.jpg 1536w, https:\/\/hoegy.de\/homepage\/hgy-media\/IBA_0104-2048x1365.jpg 2048w, https:\/\/hoegy.de\/homepage\/hgy-media\/IBA_0104-600x400.jpg 600w, https:\/\/hoegy.de\/homepage\/hgy-media\/IBA_0104-1320x880.jpg 1320w\" data-sizes=\"(max-width: 640px) 100vw, 640px\" src=\"data:image\/svg+xml;base64,PHN2ZyB3aWR0aD0iMSIgaGVpZ2h0PSIxIiB4bWxucz0iaHR0cDovL3d3dy53My5vcmcvMjAwMC9zdmciPjwvc3ZnPg==\" style=\"--smush-placeholder-width: 640px; --smush-placeholder-aspect-ratio: 640\/427;\" \/><\/p>\n<p>Fotos: Michael O&#8217;Ryan<\/p>\n","protected":false},"excerpt":{"rendered":"<p>\u201eMore-future &#8211; erz\u00e4hl mir Deine Zukunft\u201c: im Rahmen einer Kooperation zwischen Schule und Hochschule nahmen Sch\u00fclerinnen und Sch\u00fcler des H\u00f6lderlin-Gymnasiums im Sommer 2018 an einem Projekt der Hochschule f\u00fcr Wirtschaft und Umwelt N\u00fcrtingen-Geislingen (HfWU) teil. Zu der Frage &#8220;Was besch\u00e4ftigt junge Menschen, wenn sie an die Zukunft denken?&#8221; entstanden Essays, Bilder und Gedichte. Im November&#8230;<\/p>\n","protected":false},"author":8,"featured_media":2986,"comment_status":"closed","ping_status":"open","sticky":false,"template":"","format":"standard","meta":{"footnotes":""},"categories":[1],"tags":[],"class_list":["post-2985","post","type-post","status-publish","format-standard","has-post-thumbnail","hentry","category-news"],"publishpress_future_action":{"enabled":false,"date":"2026-05-04 09:50:12","action":"change-status","newStatus":"draft","terms":[],"taxonomy":"category","extraData":[]},"publishpress_future_workflow_manual_trigger":{"enabledWorkflows":[]},"_links":{"self":[{"href":"https:\/\/hoegy.de\/homepage\/wp-json\/wp\/v2\/posts\/2985","targetHints":{"allow":["GET"]}}],"collection":[{"href":"https:\/\/hoegy.de\/homepage\/wp-json\/wp\/v2\/posts"}],"about":[{"href":"https:\/\/hoegy.de\/homepage\/wp-json\/wp\/v2\/types\/post"}],"author":[{"embeddable":true,"href":"https:\/\/hoegy.de\/homepage\/wp-json\/wp\/v2\/users\/8"}],"replies":[{"embeddable":true,"href":"https:\/\/hoegy.de\/homepage\/wp-json\/wp\/v2\/comments?post=2985"}],"version-history":[{"count":1,"href":"https:\/\/hoegy.de\/homepage\/wp-json\/wp\/v2\/posts\/2985\/revisions"}],"predecessor-version":[{"id":2988,"href":"https:\/\/hoegy.de\/homepage\/wp-json\/wp\/v2\/posts\/2985\/revisions\/2988"}],"wp:featuredmedia":[{"embeddable":true,"href":"https:\/\/hoegy.de\/homepage\/wp-json\/wp\/v2\/media\/2986"}],"wp:attachment":[{"href":"https:\/\/hoegy.de\/homepage\/wp-json\/wp\/v2\/media?parent=2985"}],"wp:term":[{"taxonomy":"category","embeddable":true,"href":"https:\/\/hoegy.de\/homepage\/wp-json\/wp\/v2\/categories?post=2985"},{"taxonomy":"post_tag","embeddable":true,"href":"https:\/\/hoegy.de\/homepage\/wp-json\/wp\/v2\/tags?post=2985"}],"curies":[{"name":"wp","href":"https:\/\/api.w.org\/{rel}","templated":true}]}}