{"id":3348,"date":"2020-03-13T19:23:54","date_gmt":"2020-03-13T18:23:54","guid":{"rendered":"https:\/\/hoegy.de\/homepage\/?p=3348"},"modified":"2020-08-05T19:54:41","modified_gmt":"2020-08-05T17:54:41","slug":"hoelderlin-2020-geburtstagsrevue-zeitenwende-abgesagt","status":"publish","type":"post","link":"https:\/\/hoegy.de\/homepage\/hoelderlin-2020-geburtstagsrevue-zeitenwende-abgesagt\/","title":{"rendered":"H\u00f6lderlin 2020 &#8211; Schul- und Ehemaligenfest abgesagt"},"content":{"rendered":"<p>Liebe H\u00f6gyanerinnen,<\/p>\n<p>liebe H\u00f6gyaner,<\/p>\n<p>aufgrund der aktuellen Beschr\u00e4nkungen sowie der aktuellen Lage wollten wir Ihnen noch einmal auf diesem Wege mitteilen, dass das Schul- und Ehemaligenfest leider abgesagt ist.<\/p>\n<p>Wir werden versuchen das Fest nachzuholen und werden Sie gegebenenfalls informieren.<\/p>\n<p>Mit freundlichen Gr\u00fc\u00dfen und alles Gute f\u00fcr Sie und Ihre Familien!<\/p>\n<p>Ihr H\u00f6Gy 2020 Team<\/p>\n","protected":false},"excerpt":{"rendered":"<p>Liebe H\u00f6gyanerinnen, liebe H\u00f6gyaner, aufgrund der aktuellen Beschr\u00e4nkungen sowie der aktuellen Lage wollten wir Ihnen noch einmal auf diesem Wege mitteilen, dass das Schul- und Ehemaligenfest leider abgesagt ist. Wir werden versuchen das Fest nachzuholen und werden Sie gegebenenfalls informieren. Mit freundlichen Gr\u00fc\u00dfen und alles Gute f\u00fcr Sie und Ihre Familien! Ihr H\u00f6Gy 2020 Team<\/p>\n","protected":false},"author":1,"featured_media":2509,"comment_status":"closed","ping_status":"open","sticky":false,"template":"","format":"standard","meta":{"footnotes":""},"categories":[1],"tags":[],"class_list":["post-3348","post","type-post","status-publish","format-standard","has-post-thumbnail","hentry","category-news"],"publishpress_future_action":{"enabled":false,"date":"2026-05-04 06:24:43","action":"change-status","newStatus":"draft","terms":[],"taxonomy":"category","extraData":[]},"publishpress_future_workflow_manual_trigger":{"enabledWorkflows":[]},"_links":{"self":[{"href":"https:\/\/hoegy.de\/homepage\/wp-json\/wp\/v2\/posts\/3348","targetHints":{"allow":["GET"]}}],"collection":[{"href":"https:\/\/hoegy.de\/homepage\/wp-json\/wp\/v2\/posts"}],"about":[{"href":"https:\/\/hoegy.de\/homepage\/wp-json\/wp\/v2\/types\/post"}],"author":[{"embeddable":true,"href":"https:\/\/hoegy.de\/homepage\/wp-json\/wp\/v2\/users\/1"}],"replies":[{"embeddable":true,"href":"https:\/\/hoegy.de\/homepage\/wp-json\/wp\/v2\/comments?post=3348"}],"version-history":[{"count":3,"href":"https:\/\/hoegy.de\/homepage\/wp-json\/wp\/v2\/posts\/3348\/revisions"}],"predecessor-version":[{"id":3792,"href":"https:\/\/hoegy.de\/homepage\/wp-json\/wp\/v2\/posts\/3348\/revisions\/3792"}],"wp:featuredmedia":[{"embeddable":true,"href":"https:\/\/hoegy.de\/homepage\/wp-json\/wp\/v2\/media\/2509"}],"wp:attachment":[{"href":"https:\/\/hoegy.de\/homepage\/wp-json\/wp\/v2\/media?parent=3348"}],"wp:term":[{"taxonomy":"category","embeddable":true,"href":"https:\/\/hoegy.de\/homepage\/wp-json\/wp\/v2\/categories?post=3348"},{"taxonomy":"post_tag","embeddable":true,"href":"https:\/\/hoegy.de\/homepage\/wp-json\/wp\/v2\/tags?post=3348"}],"curies":[{"name":"wp","href":"https:\/\/api.w.org\/{rel}","templated":true}]}}