{"id":3768,"date":"2022-07-03T12:00:40","date_gmt":"2022-07-03T10:00:40","guid":{"rendered":"https:\/\/hoegy.de\/homepage\/?p=3768"},"modified":"2022-07-06T00:22:00","modified_gmt":"2022-07-05T22:22:00","slug":"fruehjahrs-honigverkauf-2022","status":"publish","type":"post","link":"https:\/\/hoegy.de\/homepage\/fruehjahrs-honigverkauf-2022\/","title":{"rendered":"Honigverkauf der Imker-AG"},"content":{"rendered":"<p>Liebe Freunde des H\u00f6gy-Honigs,<br \/>\nGute Nachrichten!!\u00a0 Es gibt dieses Jahr wieder H\u00f6gy-Honig! Nach dem Katastrophenjahr 2021 f\u00fcr unsere Bienenv\u00f6lker, k\u00f6nnen wir dieses Jahr wieder Fr\u00fchjahrs-Honig zum Verkauf anbieten.<br \/>\nR\u00fcckblick: Im Fr\u00fchjahr 2021 verhinderte die langanhaltende Schlecht-Wetter-Lage, dass die Bienen Nektar sammeln konnten. Die Honigr\u00e4ume waren so leer wie noch nie. Viele V\u00f6lker gerieten sogar an die Existenzgrenze! Damit fiel der Fr\u00fchjahrs-Honig im wahrsten Sinne des Wortes ins &#8220;Wasser&#8221;.<br \/>\n<img decoding=\"async\" class=\"alignnone wp-image-8166 lazyload\" data-src=\"https:\/\/hoegy.de\/homepage\/hgy-media\/starkregen-e1656841578720-200x195.jpg\" alt=\"Starkregen\" width=\"195\" height=\"190\" data-srcset=\"https:\/\/hoegy.de\/homepage\/hgy-media\/starkregen-e1656841578720-200x195.jpg 200w, https:\/\/hoegy.de\/homepage\/hgy-media\/starkregen-e1656841578720-1024x997.jpg 1024w, https:\/\/hoegy.de\/homepage\/hgy-media\/starkregen-e1656841578720-600x584.jpg 600w, https:\/\/hoegy.de\/homepage\/hgy-media\/starkregen-e1656841578720-50x50.jpg 50w, https:\/\/hoegy.de\/homepage\/hgy-media\/starkregen-e1656841578720-150x147.jpg 150w, https:\/\/hoegy.de\/homepage\/hgy-media\/starkregen-e1656841578720.jpg 1315w\" data-sizes=\"(max-width: 195px) 100vw, 195px\" src=\"data:image\/svg+xml;base64,PHN2ZyB3aWR0aD0iMSIgaGVpZ2h0PSIxIiB4bWxucz0iaHR0cDovL3d3dy53My5vcmcvMjAwMC9zdmciPjwvc3ZnPg==\" style=\"--smush-placeholder-width: 195px; --smush-placeholder-aspect-ratio: 195\/190;\" \/> \u00a0\u00a0 <img decoding=\"async\" class=\"alignnone wp-image-8163 lazyload\" data-src=\"https:\/\/hoegy.de\/homepage\/hgy-media\/20210623_192123-scaled-e1656841450278-173x200.jpg\" alt=\"\" width=\"164\" height=\"190\" data-srcset=\"https:\/\/hoegy.de\/homepage\/hgy-media\/20210623_192123-scaled-e1656841450278-173x200.jpg 173w, https:\/\/hoegy.de\/homepage\/hgy-media\/20210623_192123-scaled-e1656841450278-884x1024.jpg 884w, https:\/\/hoegy.de\/homepage\/hgy-media\/20210623_192123-scaled-e1656841450278-513x595.jpg 513w, https:\/\/hoegy.de\/homepage\/hgy-media\/20210623_192123-scaled-e1656841450278-43x50.jpg 43w, https:\/\/hoegy.de\/homepage\/hgy-media\/20210623_192123-scaled-e1656841450278.jpg 1209w\" data-sizes=\"(max-width: 164px) 100vw, 164px\" src=\"data:image\/svg+xml;base64,PHN2ZyB3aWR0aD0iMSIgaGVpZ2h0PSIxIiB4bWxucz0iaHR0cDovL3d3dy53My5vcmcvMjAwMC9zdmciPjwvc3ZnPg==\" style=\"--smush-placeholder-width: 164px; --smush-placeholder-aspect-ratio: 164\/190;\" \/> \u00a0\u00a0 <img decoding=\"async\" class=\"alignnone wp-image-8167 lazyload\" data-src=\"https:\/\/hoegy.de\/homepage\/hgy-media\/20200818_131249-200x150.jpg\" alt=\"\" width=\"253\" height=\"190\" data-srcset=\"https:\/\/hoegy.de\/homepage\/hgy-media\/20200818_131249-200x150.jpg 200w, https:\/\/hoegy.de\/homepage\/hgy-media\/20200818_131249-1024x768.jpg 1024w, https:\/\/hoegy.de\/homepage\/hgy-media\/20200818_131249-600x450.jpg 600w, https:\/\/hoegy.de\/homepage\/hgy-media\/20200818_131249-50x38.jpg 50w, https:\/\/hoegy.de\/homepage\/hgy-media\/20200818_131249-1320x990.jpg 1320w\" data-sizes=\"(max-width: 253px) 100vw, 253px\" src=\"data:image\/svg+xml;base64,PHN2ZyB3aWR0aD0iMSIgaGVpZ2h0PSIxIiB4bWxucz0iaHR0cDovL3d3dy53My5vcmcvMjAwMC9zdmciPjwvc3ZnPg==\" style=\"--smush-placeholder-width: 253px; --smush-placeholder-aspect-ratio: 253\/190;\" \/><br \/>\nIm Juni kam dann die Hagelkatastrophe und vernichtete alle Bl\u00fcten in Wiesen, Str\u00e4uchern und B\u00e4umen &#8211; unsere Bienen waren dem Hungertod nahe. Nur eine schnell eingeleitete Notf\u00fctterung verhinderte das Zugrundgehen unserer Bienenv\u00f6lker. Damit war auch keine Sommerhonigernte m\u00f6glich. In der Geschichte der Imker-AG hatten wir noch kein Jahr, in dem beide Honigernten ausgefallen waren und es unseren Bienenv\u00f6lkern so schlecht ging. Trotz der finanziellen Ausf\u00e4lle beim Honigverkauf hatten wir Kosten f\u00fcr AG-Material, Bienenfutter und Hilfsmittel. Deshalb versuchen wir uns mit dem diesj\u00e4hrigen Honigverkauf etwas finanziell zu &#8220;sanieren&#8221;. Wir verkaufen deshalb das 500g-Glas Fr\u00fchjahrs-Honig f\u00fcr 7\u20ac. F\u00fcr Spenden sind wir sehr dankbar!<\/p>\n<p>Ab dieser Woche beginnen wir mit dem <strong>Honigverkauf des Fr\u00fchjahr-Honigs am H\u00f6gy<\/strong><br \/>\n<strong>Wann?\u00a0\u00a0\u00a0 <\/strong>Mittwoch, Donnerstag und Freitag (06.07. &#8211; 08.07.) in der gro\u00dfen Pause<strong><br \/>\nWo?\u00a0 <\/strong>N\u00e4he der Holzh\u00fctte\/B\u00e4ckerverkaufsstand bei den Containern<strong><br \/>\nKosten?\u00a0 <\/strong>7\u20ac f\u00fcr ein 500g-Honigglas (Bitte bringt das Geld passend mit!)<br \/>\n<strong>Leere Honiggl\u00e4ser d\u00fcrfen gerne abgegeben werden!<br \/>\nVor dem Sekretariat steht eine Kiste, in der die Honiggl\u00e4ser jederzeit abgestellt\/abgegeben werden k\u00f6nnen. <\/strong><br \/>\n<img decoding=\"async\" class=\"alignnone wp-image-8168 lazyload\" data-src=\"https:\/\/hoegy.de\/homepage\/hgy-media\/Hoegy-Honig-2022-Fruehjahrsbluete-cremig-500g-200x133.png\" alt=\"Fr\u00fchjahrshonig Etikett\" width=\"313\" height=\"208\" data-srcset=\"https:\/\/hoegy.de\/homepage\/hgy-media\/Hoegy-Honig-2022-Fruehjahrsbluete-cremig-500g-200x133.png 200w, https:\/\/hoegy.de\/homepage\/hgy-media\/Hoegy-Honig-2022-Fruehjahrsbluete-cremig-500g-1024x681.png 1024w, https:\/\/hoegy.de\/homepage\/hgy-media\/Hoegy-Honig-2022-Fruehjahrsbluete-cremig-500g-600x400.png 600w, https:\/\/hoegy.de\/homepage\/hgy-media\/Hoegy-Honig-2022-Fruehjahrsbluete-cremig-500g-50x33.png 50w, https:\/\/hoegy.de\/homepage\/hgy-media\/Hoegy-Honig-2022-Fruehjahrsbluete-cremig-500g.png 1134w\" data-sizes=\"(max-width: 313px) 100vw, 313px\" src=\"data:image\/svg+xml;base64,PHN2ZyB3aWR0aD0iMSIgaGVpZ2h0PSIxIiB4bWxucz0iaHR0cDovL3d3dy53My5vcmcvMjAwMC9zdmciPjwvc3ZnPg==\" style=\"--smush-placeholder-width: 313px; --smush-placeholder-aspect-ratio: 313\/208;\" \/><img decoding=\"async\" class=\"alignnone size-medium wp-image-8170 lazyload\" data-src=\"https:\/\/hoegy.de\/homepage\/hgy-media\/Honigglas-162x200.jpeg\" alt=\"\" width=\"162\" height=\"200\" data-srcset=\"https:\/\/hoegy.de\/homepage\/hgy-media\/Honigglas-162x200.jpeg 162w, https:\/\/hoegy.de\/homepage\/hgy-media\/Honigglas-40x50.jpeg 40w, https:\/\/hoegy.de\/homepage\/hgy-media\/Honigglas.jpeg 230w\" data-sizes=\"(max-width: 162px) 100vw, 162px\" src=\"data:image\/svg+xml;base64,PHN2ZyB3aWR0aD0iMSIgaGVpZ2h0PSIxIiB4bWxucz0iaHR0cDovL3d3dy53My5vcmcvMjAwMC9zdmciPjwvc3ZnPg==\" style=\"--smush-placeholder-width: 162px; --smush-placeholder-aspect-ratio: 162\/200;\" \/><\/p>\n<p>Thomi Gr\u00e4ber<br \/>\n(Leiter der Imker-AG)<\/p>\n<p>&nbsp;<\/p>\n","protected":false},"excerpt":{"rendered":"<p>Liebe Freunde des H\u00f6gy-Honigs, Gute Nachrichten!!\u00a0 Es gibt dieses Jahr wieder H\u00f6gy-Honig! Nach dem Katastrophenjahr 2021 f\u00fcr unsere Bienenv\u00f6lker, k\u00f6nnen wir dieses Jahr wieder Fr\u00fchjahrs-Honig zum Verkauf anbieten. R\u00fcckblick: Im Fr\u00fchjahr 2021 verhinderte die langanhaltende Schlecht-Wetter-Lage, dass die Bienen Nektar sammeln konnten. Die Honigr\u00e4ume waren so leer wie noch nie. Viele V\u00f6lker gerieten sogar an&#8230;<\/p>\n","protected":false},"author":9,"featured_media":2375,"comment_status":"closed","ping_status":"open","sticky":false,"template":"","format":"standard","meta":{"footnotes":""},"categories":[1],"tags":[],"class_list":["post-3768","post","type-post","status-publish","format-standard","has-post-thumbnail","hentry","category-news"],"publishpress_future_action":{"enabled":false,"date":"2026-05-03 16:32:59","action":"change-status","newStatus":"draft","terms":[],"taxonomy":"category","extraData":[]},"publishpress_future_workflow_manual_trigger":{"enabledWorkflows":[]},"_links":{"self":[{"href":"https:\/\/hoegy.de\/homepage\/wp-json\/wp\/v2\/posts\/3768","targetHints":{"allow":["GET"]}}],"collection":[{"href":"https:\/\/hoegy.de\/homepage\/wp-json\/wp\/v2\/posts"}],"about":[{"href":"https:\/\/hoegy.de\/homepage\/wp-json\/wp\/v2\/types\/post"}],"author":[{"embeddable":true,"href":"https:\/\/hoegy.de\/homepage\/wp-json\/wp\/v2\/users\/9"}],"replies":[{"embeddable":true,"href":"https:\/\/hoegy.de\/homepage\/wp-json\/wp\/v2\/comments?post=3768"}],"version-history":[{"count":12,"href":"https:\/\/hoegy.de\/homepage\/wp-json\/wp\/v2\/posts\/3768\/revisions"}],"predecessor-version":[{"id":8174,"href":"https:\/\/hoegy.de\/homepage\/wp-json\/wp\/v2\/posts\/3768\/revisions\/8174"}],"wp:featuredmedia":[{"embeddable":true,"href":"https:\/\/hoegy.de\/homepage\/wp-json\/wp\/v2\/media\/2375"}],"wp:attachment":[{"href":"https:\/\/hoegy.de\/homepage\/wp-json\/wp\/v2\/media?parent=3768"}],"wp:term":[{"taxonomy":"category","embeddable":true,"href":"https:\/\/hoegy.de\/homepage\/wp-json\/wp\/v2\/categories?post=3768"},{"taxonomy":"post_tag","embeddable":true,"href":"https:\/\/hoegy.de\/homepage\/wp-json\/wp\/v2\/tags?post=3768"}],"curies":[{"name":"wp","href":"https:\/\/api.w.org\/{rel}","templated":true}]}}