{"id":3794,"date":"2020-07-29T20:27:42","date_gmt":"2020-07-29T18:27:42","guid":{"rendered":"https:\/\/hoegy.de\/homepage\/?p=3794"},"modified":"2020-07-29T20:28:23","modified_gmt":"2020-07-29T18:28:23","slug":"nicht-richter-und-hetzer-sondern-dichter-und-denker","status":"publish","type":"post","link":"https:\/\/hoegy.de\/homepage\/nicht-richter-und-hetzer-sondern-dichter-und-denker\/","title":{"rendered":"Nicht Richter und Hetzer, sondern Dichter und Denker"},"content":{"rendered":"<p><strong>Erfolg f\u00fcr H\u00f6Gy-Sch\u00fclerinnen beim Landeswettbewerb Deutsche Sprache und Literatur<\/strong><\/p>\n<p>Farah Rasool und Annika Werner, zwei Sch\u00fclerinnen der Kursstufe 1 des H\u00f6lderlin-Gymnasiums, k\u00f6nnen sich freuen. Ihr journalistischer Kommentar zum H\u00f6lderlin-Zitat \u201eUnd darum ist &#8230; der G\u00fcter Gef\u00e4hrlichstes, die Sprache, dem Menschen gegeben\u201c wurde als einziger von 22 Beitr\u00e4gen zu diesem Thema im Landeswettbewerb Deutsche Sprache und Literatur mit einem Preis ausgezeichnet. Insgesamt nahmen an der diesj\u00e4hrigen 30. Ausgabe des vom Kultusministerium veranstalteten Wettbewerbs 390 Oberstufensch\u00fclerinnen und -sch\u00fcler aus ganz Baden-W\u00fcrttemberg teil.<br \/>\n\u201eMan musste also einerseits die Wirkungsmacht von Sprache inhaltlich differenziert ausloten und andererseits der Textsorte \u201ajournalistischer Kommentar\u2018 gerecht werden. Diesem zugegebenerma\u00dfen nicht geringem Anforderungsprofil gen\u00fcgte letztlich nur eine von 22 Arbeiten.\u201c Mit diesen Worten begr\u00fcndete die Jury, warum der Preis nach N\u00fcrtingen ging.<\/p>\n<p>Die Teilnahme am Wettbewerb ist alleine oder als Partnerarbeit m\u00f6glich. Dass sich Farah und Annika zusammenfanden, entpuppte sich als echter Gl\u00fccksfall. Obwohl die beiden sehr unterschiedliche Interessen, Kenntnisse und Herangehensweisen mitbrachten und einen Gro\u00dfteil der Zeit, nachdem die grunds\u00e4tzlichen Fragen gekl\u00e4rt waren, unabh\u00e4ngig voneinander arbeiteten, liest sich der Text nicht wie eine Collage. Vielmehr f\u00fcgen sich die Teile zu einem Ganzen, einem ganz eigenen Schreibstil.<\/p>\n<p>\u201eWir haben uns immer wieder gegenseitig inspiriert, korrigiert und beide unsere eigenen Schwerpunkte mit eingebracht,\u201c erz\u00e4hlen die beiden \u00fcber ihre Arbeit. Im Schreibprozess waren Einfl\u00fcsse von au\u00dfen eher unerw\u00fcnscht, aber Annika und Farah betonen, dass sie am H\u00f6Gy immer ein offenes Ohr fanden, wenn sie in der Vorbereitung Impulse brauchten, sowohl von ihrer Deutschlehrerin Heike Diener, die den Wettbewerb im Kurs vorstellte, als auch von anderen Kolleginnen und Kollegen verschiedener Fachbereiche.<\/p>\n<p>Das Thema der Arbeit k\u00f6nnte kaum aktueller sein. In einer Zeit, in der Populismus und Rassismus zu den gro\u00dfen Themen unserer Gesellschaft geh\u00f6ren, kann man sich dem Fazit der Verfasserinnen nur anschlie\u00dfen: Deutschland soll kein Land der Richter und Hetzer, sondern ein Land der Dichter und Denker sein. Mit ihrer erfolgreichen Wettbewerbsteilnahme haben die beiden ihren Beitrag dazu geleistet.<\/p>\n<p><img decoding=\"async\" class=\"alignnone size-full wp-image-3795 lazyload\" data-src=\"https:\/\/hoegy.de\/homepage\/hgy-media\/IMG_2018.jpg\" alt=\"\" width=\"1024\" height=\"768\" data-srcset=\"https:\/\/hoegy.de\/homepage\/hgy-media\/IMG_2018.jpg 1024w, https:\/\/hoegy.de\/homepage\/hgy-media\/IMG_2018-200x150.jpg 200w, https:\/\/hoegy.de\/homepage\/hgy-media\/IMG_2018-600x450.jpg 600w, https:\/\/hoegy.de\/homepage\/hgy-media\/IMG_2018-50x38.jpg 50w\" data-sizes=\"(max-width: 1024px) 100vw, 1024px\" src=\"data:image\/svg+xml;base64,PHN2ZyB3aWR0aD0iMSIgaGVpZ2h0PSIxIiB4bWxucz0iaHR0cDovL3d3dy53My5vcmcvMjAwMC9zdmciPjwvc3ZnPg==\" style=\"--smush-placeholder-width: 1024px; --smush-placeholder-aspect-ratio: 1024\/768;\" \/><\/p>\n","protected":false},"excerpt":{"rendered":"<p>Erfolg f\u00fcr H\u00f6Gy-Sch\u00fclerinnen beim Landeswettbewerb Deutsche Sprache und Literatur Farah Rasool und Annika Werner, zwei Sch\u00fclerinnen der Kursstufe 1 des H\u00f6lderlin-Gymnasiums, k\u00f6nnen sich freuen. Ihr journalistischer Kommentar zum H\u00f6lderlin-Zitat \u201eUnd darum ist &#8230; der G\u00fcter Gef\u00e4hrlichstes, die Sprache, dem Menschen gegeben\u201c wurde als einziger von 22 Beitr\u00e4gen zu diesem Thema im Landeswettbewerb Deutsche Sprache und&#8230;<\/p>\n","protected":false},"author":8,"featured_media":3797,"comment_status":"closed","ping_status":"open","sticky":false,"template":"","format":"standard","meta":{"footnotes":""},"categories":[1],"tags":[],"class_list":["post-3794","post","type-post","status-publish","format-standard","has-post-thumbnail","hentry","category-news"],"publishpress_future_action":{"enabled":false,"date":"2026-05-05 10:48:12","action":"change-status","newStatus":"draft","terms":[],"taxonomy":"category","extraData":[]},"publishpress_future_workflow_manual_trigger":{"enabledWorkflows":[]},"_links":{"self":[{"href":"https:\/\/hoegy.de\/homepage\/wp-json\/wp\/v2\/posts\/3794","targetHints":{"allow":["GET"]}}],"collection":[{"href":"https:\/\/hoegy.de\/homepage\/wp-json\/wp\/v2\/posts"}],"about":[{"href":"https:\/\/hoegy.de\/homepage\/wp-json\/wp\/v2\/types\/post"}],"author":[{"embeddable":true,"href":"https:\/\/hoegy.de\/homepage\/wp-json\/wp\/v2\/users\/8"}],"replies":[{"embeddable":true,"href":"https:\/\/hoegy.de\/homepage\/wp-json\/wp\/v2\/comments?post=3794"}],"version-history":[{"count":2,"href":"https:\/\/hoegy.de\/homepage\/wp-json\/wp\/v2\/posts\/3794\/revisions"}],"predecessor-version":[{"id":3798,"href":"https:\/\/hoegy.de\/homepage\/wp-json\/wp\/v2\/posts\/3794\/revisions\/3798"}],"wp:featuredmedia":[{"embeddable":true,"href":"https:\/\/hoegy.de\/homepage\/wp-json\/wp\/v2\/media\/3797"}],"wp:attachment":[{"href":"https:\/\/hoegy.de\/homepage\/wp-json\/wp\/v2\/media?parent=3794"}],"wp:term":[{"taxonomy":"category","embeddable":true,"href":"https:\/\/hoegy.de\/homepage\/wp-json\/wp\/v2\/categories?post=3794"},{"taxonomy":"post_tag","embeddable":true,"href":"https:\/\/hoegy.de\/homepage\/wp-json\/wp\/v2\/tags?post=3794"}],"curies":[{"name":"wp","href":"https:\/\/api.w.org\/{rel}","templated":true}]}}