{"id":4441,"date":"2020-09-12T12:43:06","date_gmt":"2020-09-12T10:43:06","guid":{"rendered":"https:\/\/hoegy.de\/homepage\/?p=4441"},"modified":"2020-09-13T14:08:46","modified_gmt":"2020-09-13T12:08:46","slug":"der-schulplaner-ist-da","status":"publish","type":"post","link":"https:\/\/hoegy.de\/homepage\/der-schulplaner-ist-da\/","title":{"rendered":"Der Schulplaner ist da!"},"content":{"rendered":"<p>Auch in diesem Schuljahr bieten wir wieder einen Schulplaner an. Das Heft im A4-Format bietet in gewohnter Weise die wichtigsten Informationen f\u00fcr H\u00f6Gy-Sch\u00fcler*innen, einen Kalender zum Eintragen der Hausaufgaben, Noten\u00fcbersichten, Kontaktformulare und vieles Hilfen zur Organisation im Schulalltag.<br \/>\nF\u00fcr die Sch\u00fcler*innen der Klassen 5-7 ist der Bezug verpflichtend, ab Klasse 8 empfohlen.<\/p>\n<p>Die Schulplaner sind ab sofort f\u00fcr \u20ac3 beim Klassenlehrer\/Tutor erh\u00e4ltlich.<\/p>\n<p>&nbsp;<\/p>\n<p><img decoding=\"async\" class=\"wp-image-4443 alignleft lazyload\" data-src=\"https:\/\/hoegy.de\/homepage\/hgy-media\/Schulplaner-Umschlag-vorne-aussen-730x1024.jpg\" alt=\"\" width=\"542\" height=\"760\" data-srcset=\"https:\/\/hoegy.de\/homepage\/hgy-media\/Schulplaner-Umschlag-vorne-aussen-730x1024.jpg 730w, https:\/\/hoegy.de\/homepage\/hgy-media\/Schulplaner-Umschlag-vorne-aussen-143x200.jpg 143w, https:\/\/hoegy.de\/homepage\/hgy-media\/Schulplaner-Umschlag-vorne-aussen-424x595.jpg 424w, https:\/\/hoegy.de\/homepage\/hgy-media\/Schulplaner-Umschlag-vorne-aussen-36x50.jpg 36w, https:\/\/hoegy.de\/homepage\/hgy-media\/Schulplaner-Umschlag-vorne-aussen-1320x1851.jpg 1320w, https:\/\/hoegy.de\/homepage\/hgy-media\/Schulplaner-Umschlag-vorne-aussen-scaled.jpg 1825w\" data-sizes=\"(max-width: 542px) 100vw, 542px\" src=\"data:image\/svg+xml;base64,PHN2ZyB3aWR0aD0iMSIgaGVpZ2h0PSIxIiB4bWxucz0iaHR0cDovL3d3dy53My5vcmcvMjAwMC9zdmciPjwvc3ZnPg==\" style=\"--smush-placeholder-width: 542px; --smush-placeholder-aspect-ratio: 542\/760;\" \/><\/p>\n","protected":false},"excerpt":{"rendered":"<p>Auch in diesem Schuljahr bieten wir wieder einen Schulplaner an. Das Heft im A4-Format bietet in gewohnter Weise die wichtigsten Informationen f\u00fcr H\u00f6Gy-Sch\u00fcler*innen, einen Kalender zum Eintragen der Hausaufgaben, Noten\u00fcbersichten, Kontaktformulare und vieles Hilfen zur Organisation im Schulalltag. F\u00fcr die Sch\u00fcler*innen der Klassen 5-7 ist der Bezug verpflichtend, ab Klasse 8 empfohlen. Die Schulplaner sind&#8230;<\/p>\n","protected":false},"author":8,"featured_media":0,"comment_status":"closed","ping_status":"open","sticky":false,"template":"","format":"standard","meta":{"footnotes":""},"categories":[1],"tags":[],"class_list":["post-4441","post","type-post","status-publish","format-standard","hentry","category-news"],"publishpress_future_action":{"enabled":false,"date":"2026-05-03 22:16:54","action":"change-status","newStatus":"draft","terms":[],"taxonomy":"category","extraData":[]},"publishpress_future_workflow_manual_trigger":{"enabledWorkflows":[]},"_links":{"self":[{"href":"https:\/\/hoegy.de\/homepage\/wp-json\/wp\/v2\/posts\/4441","targetHints":{"allow":["GET"]}}],"collection":[{"href":"https:\/\/hoegy.de\/homepage\/wp-json\/wp\/v2\/posts"}],"about":[{"href":"https:\/\/hoegy.de\/homepage\/wp-json\/wp\/v2\/types\/post"}],"author":[{"embeddable":true,"href":"https:\/\/hoegy.de\/homepage\/wp-json\/wp\/v2\/users\/8"}],"replies":[{"embeddable":true,"href":"https:\/\/hoegy.de\/homepage\/wp-json\/wp\/v2\/comments?post=4441"}],"version-history":[{"count":4,"href":"https:\/\/hoegy.de\/homepage\/wp-json\/wp\/v2\/posts\/4441\/revisions"}],"predecessor-version":[{"id":4448,"href":"https:\/\/hoegy.de\/homepage\/wp-json\/wp\/v2\/posts\/4441\/revisions\/4448"}],"wp:attachment":[{"href":"https:\/\/hoegy.de\/homepage\/wp-json\/wp\/v2\/media?parent=4441"}],"wp:term":[{"taxonomy":"category","embeddable":true,"href":"https:\/\/hoegy.de\/homepage\/wp-json\/wp\/v2\/categories?post=4441"},{"taxonomy":"post_tag","embeddable":true,"href":"https:\/\/hoegy.de\/homepage\/wp-json\/wp\/v2\/tags?post=4441"}],"curies":[{"name":"wp","href":"https:\/\/api.w.org\/{rel}","templated":true}]}}