{"id":4663,"date":"2020-12-09T16:08:26","date_gmt":"2020-12-09T15:08:26","guid":{"rendered":"https:\/\/hoegy.de\/homepage\/?p=4663"},"modified":"2020-12-16T09:44:57","modified_gmt":"2020-12-16T08:44:57","slug":"ein-besonderer-adventskalender-am-hoegy","status":"publish","type":"post","link":"https:\/\/hoegy.de\/homepage\/ein-besonderer-adventskalender-am-hoegy\/","title":{"rendered":"Ein besonderer Adventskalender am H\u00f6gy \u2026"},"content":{"rendered":"<section class=\"l-section wpb_row height_small\"><div class=\"l-section-h i-cf\"><div class=\"g-cols vc_row via_flex valign_top type_default stacking_default\"><div class=\"vc_col-sm-6 wpb_column vc_column_container\"><div class=\"vc_column-inner\"><div class=\"wpb_wrapper\"><div class=\"w-image align_none\"><a ref=\"magnificPopup\" href=\"https:\/\/hoegy.de\/homepage\/hgy-media\/Folie1.jpeg\" aria-label=\"Folie1\" class=\"w-image-h\"><img decoding=\"async\" width=\"720\" height=\"405\" data-src=\"https:\/\/hoegy.de\/homepage\/hgy-media\/Folie1.jpeg\" class=\"attachment-full size-full lazyload\" alt=\"\" data-srcset=\"https:\/\/hoegy.de\/homepage\/hgy-media\/Folie1.jpeg 720w, https:\/\/hoegy.de\/homepage\/hgy-media\/Folie1-200x113.jpeg 200w, https:\/\/hoegy.de\/homepage\/hgy-media\/Folie1-600x338.jpeg 600w, https:\/\/hoegy.de\/homepage\/hgy-media\/Folie1-50x28.jpeg 50w, https:\/\/hoegy.de\/homepage\/hgy-media\/Folie1-160x90.jpeg 160w\" data-sizes=\"auto, (max-width: 720px) 100vw, 720px\" src=\"data:image\/svg+xml;base64,PHN2ZyB3aWR0aD0iMSIgaGVpZ2h0PSIxIiB4bWxucz0iaHR0cDovL3d3dy53My5vcmcvMjAwMC9zdmciPjwvc3ZnPg==\" style=\"--smush-placeholder-width: 720px; --smush-placeholder-aspect-ratio: 720\/405;\" \/><\/a><\/div><div class=\"w-image align_none\"><a ref=\"magnificPopup\" href=\"https:\/\/hoegy.de\/homepage\/hgy-media\/Folie2.jpeg\" aria-label=\"Folie2\" class=\"w-image-h\"><img decoding=\"async\" width=\"720\" height=\"405\" data-src=\"https:\/\/hoegy.de\/homepage\/hgy-media\/Folie2.jpeg\" class=\"attachment-full size-full lazyload\" alt=\"\" data-srcset=\"https:\/\/hoegy.de\/homepage\/hgy-media\/Folie2.jpeg 720w, https:\/\/hoegy.de\/homepage\/hgy-media\/Folie2-200x113.jpeg 200w, https:\/\/hoegy.de\/homepage\/hgy-media\/Folie2-600x338.jpeg 600w, https:\/\/hoegy.de\/homepage\/hgy-media\/Folie2-50x28.jpeg 50w, https:\/\/hoegy.de\/homepage\/hgy-media\/Folie2-160x90.jpeg 160w\" data-sizes=\"auto, (max-width: 720px) 100vw, 720px\" src=\"data:image\/svg+xml;base64,PHN2ZyB3aWR0aD0iMSIgaGVpZ2h0PSIxIiB4bWxucz0iaHR0cDovL3d3dy53My5vcmcvMjAwMC9zdmciPjwvc3ZnPg==\" style=\"--smush-placeholder-width: 720px; --smush-placeholder-aspect-ratio: 720\/405;\" \/><\/a><\/div><\/div><\/div><\/div><div class=\"vc_col-sm-6 wpb_column vc_column_container\"><div class=\"vc_column-inner\"><div class=\"wpb_wrapper\"><div class=\"wpb_text_column\"><div class=\"wpb_wrapper\"><p>Die Adventszeit \u2026<\/p>\n<p>\u2026 eine besondere Zeit der Vorfreude\u2026<\/p>\n<p>\u2026 auch eine Zeit zum Nachdenken.<\/p>\n<p>Ein sch\u00f6n geschm\u00fcckter Baum in der Aula stimmt die Schulgemeinschaft am H\u00f6gy auf die Adventszeit ein. Daneben befindet sich ein Lesepult, auf dem jeden Tag eine neue Frage Menschen unterschiedlichster Weltanschauungen zum Nachdenken \u00fcber ihr Leben einl\u00e4dt:<\/p>\n<p><em>Welche Dinge brauchst du, um zu sp\u00fcren, dass Advent ist?<\/em><\/p>\n<p><em>Was ist f\u00fcr dich ein echtes Wunder der Natur, das man nur in der Zeit vor Weihnachten erleben kann?<\/em><\/p>\n<p><em>Was w\u00e4re, wenn es unter uns Menschen das Gef\u00fchl der Trauer nicht mehr g\u00e4be?<\/em><\/p>\n<p><em>Wof\u00fcr bist du dieses Jahr besonders dankbar?<\/em><\/p>\n<\/div><\/div><\/div><\/div><\/div><\/div><\/div><\/section>\n","protected":false},"excerpt":{"rendered":"Die Adventszeit \u2026 \u2026 eine besondere Zeit der Vorfreude\u2026 \u2026 auch eine Zeit zum Nachdenken. Ein sch\u00f6n geschm\u00fcckter Baum in der Aula stimmt die Schulgemeinschaft am H\u00f6gy auf die Adventszeit ein. Daneben befindet sich ein Lesepult, auf dem jeden Tag eine neue Frage Menschen unterschiedlichster Weltanschauungen zum Nachdenken \u00fcber ihr Leben einl\u00e4dt: Welche Dinge brauchst...","protected":false},"author":8,"featured_media":4666,"comment_status":"closed","ping_status":"open","sticky":false,"template":"","format":"standard","meta":{"footnotes":""},"categories":[1],"tags":[],"class_list":["post-4663","post","type-post","status-publish","format-standard","has-post-thumbnail","hentry","category-news"],"publishpress_future_action":{"enabled":false,"date":"2026-05-04 02:11:05","action":"change-status","newStatus":"draft","terms":[],"taxonomy":"category","extraData":[]},"publishpress_future_workflow_manual_trigger":{"enabledWorkflows":[]},"_links":{"self":[{"href":"https:\/\/hoegy.de\/homepage\/wp-json\/wp\/v2\/posts\/4663","targetHints":{"allow":["GET"]}}],"collection":[{"href":"https:\/\/hoegy.de\/homepage\/wp-json\/wp\/v2\/posts"}],"about":[{"href":"https:\/\/hoegy.de\/homepage\/wp-json\/wp\/v2\/types\/post"}],"author":[{"embeddable":true,"href":"https:\/\/hoegy.de\/homepage\/wp-json\/wp\/v2\/users\/8"}],"replies":[{"embeddable":true,"href":"https:\/\/hoegy.de\/homepage\/wp-json\/wp\/v2\/comments?post=4663"}],"version-history":[{"count":4,"href":"https:\/\/hoegy.de\/homepage\/wp-json\/wp\/v2\/posts\/4663\/revisions"}],"predecessor-version":[{"id":4762,"href":"https:\/\/hoegy.de\/homepage\/wp-json\/wp\/v2\/posts\/4663\/revisions\/4762"}],"wp:featuredmedia":[{"embeddable":true,"href":"https:\/\/hoegy.de\/homepage\/wp-json\/wp\/v2\/media\/4666"}],"wp:attachment":[{"href":"https:\/\/hoegy.de\/homepage\/wp-json\/wp\/v2\/media?parent=4663"}],"wp:term":[{"taxonomy":"category","embeddable":true,"href":"https:\/\/hoegy.de\/homepage\/wp-json\/wp\/v2\/categories?post=4663"},{"taxonomy":"post_tag","embeddable":true,"href":"https:\/\/hoegy.de\/homepage\/wp-json\/wp\/v2\/tags?post=4663"}],"curies":[{"name":"wp","href":"https:\/\/api.w.org\/{rel}","templated":true}]}}