{"id":7777,"date":"2022-03-02T11:41:16","date_gmt":"2022-03-02T10:41:16","guid":{"rendered":"https:\/\/hoegy.de\/homepage\/?p=7777"},"modified":"2022-03-02T11:43:33","modified_gmt":"2022-03-02T10:43:33","slug":"friedensgebete-der-9-klasse","status":"publish","type":"post","link":"https:\/\/hoegy.de\/homepage\/friedensgebete-der-9-klasse\/","title":{"rendered":"Friedensgebete der 9. Klasse"},"content":{"rendered":"<section class=\"l-section wpb_row height_small\"><div class=\"l-section-h i-cf\"><div class=\"g-cols vc_row via_flex valign_top type_default stacking_default\"><div class=\"vc_col-sm-12 wpb_column vc_column_container\"><div class=\"vc_column-inner\"><div class=\"wpb_wrapper\"><div class=\"wpb_text_column\"><div class=\"wpb_wrapper\"><p style=\"text-align: center;\"><strong>Sch\u00fcler*innen aus Klasse 9 haben im evangelischen Religionsunterricht aus aktuellem Anlass Friedensgebete verfasst.<\/strong><\/p>\n<p>&nbsp;<\/p>\n<p style=\"text-align: center;\">Herr, ich bitte Dich, dass bald wieder Frieden auf Erden herrscht. Ich mache mir Sorgen um das friedliche Zusammenleben auf unserer Welt. Lass die Menschen aufh\u00f6ren, nach Waffen zu greifen, lass sie lernen, dass Frieden der Schl\u00fcssel zum Gl\u00fcck ist. Wir beten f\u00fcr die Menschen in der Ukraine ganz besonders und f\u00fcr ein Europa ohne Krieg.<\/p>\n<p style=\"text-align: center;\">&#8212;<\/p>\n<p style=\"text-align: center;\">Ich bete, dass der Krieg in der Ukraine schnell wieder endet, dass nicht so viele Menschen sterben und, dass viele Jahre Frieden auf der Welt herrscht.<\/p>\n<p style=\"text-align: center;\">&#8212;<\/p>\n<p style=\"text-align: center;\">Herr, du siehst die schreckliche Lage f\u00fcr die Menschen in der Ukraine. Wir bitte dich\u00a0 um Frieden und Heil f\u00fcr die Menschen, die zu unrecht leiden m\u00fcssen. \u00d6ffne auch den Menschen und Machthabern in Russland die Augen, dass sie sehen, dass ihre Entscheidung, die Ukraine anzugreifen, ein gro\u00dfes Unrecht ist. Gib den Menschen die Zuversicht und Gewissheit, dass du bei ihnen bist. Sch\u00fctze die Familien vor Angst, Hoffnungslosigkeit und Leid.<\/p>\n<p style=\"text-align: center;\">&#8212;<\/p>\n<p style=\"text-align: center;\">Lieber Gott, es herrscht in der Ukraine eine schreckliche Lage. Menschen fliehen, werden verletzt, get\u00f6tet. Du wei\u00dft, dass Menschen ihre eigenen Interessen haben, egoistisch ihre Macht ergreifen. Bewahre uns davor. Gebe den Menschen in der Ukraine und uns den Mut diese Zeit durchzustehen.<\/p>\n<p style=\"text-align: center;\">&#8212;<\/p>\n<p style=\"text-align: center;\">Herr,<\/p>\n<p style=\"text-align: center;\">\u201ewarum toben die V\u00f6lker\u201c (Psalm 2).<\/p>\n<p style=\"text-align: center;\">Mach, dass Putin zur Vernunft kommt und aufh\u00f6rt, Krieg zu f\u00fchren. Unterst\u00fctze alle Menschen, die leiden und Angst haben, gib den Fliehenden eine neue und sichere Heimat und nimm die Verstorbenen bei dir auf. Die Menschen haben oftmals keine Hoffnung mehr, denn Frieden scheint f\u00fcr sie inzwischen unwahrscheinlich. Bitte beende das Elend.<\/p>\n<p style=\"text-align: center;\">&#8212;<\/p>\n<p style=\"text-align: center;\">Krieg wird niemals dein Wille sein. Doch was sollen wir tun? Zusehen und warten? Dein Wille soll uns f\u00fchren und die Menschen sch\u00fctzen.<\/p>\n<p style=\"text-align: center;\">&#8212;<\/p>\n<p style=\"text-align: center;\">Gott, wir bitten dich, hilf uns! Bring uns den Frieden wieder zur\u00fcck. Sei bei den Menschen in der Ukraine, die Angst um ihre Familien und Freunde haben. Gib ihnen die Kraft, die sie jetzt ben\u00f6tigen. Bring uns die Welt, die wir so geliebt haben, bring uns den Frieden wieder zur\u00fcck.<\/p>\n<p style=\"text-align: center;\">&#8212;<\/p>\n<p style=\"text-align: center;\">Lieber Gott, die momentane Situation im Osten Europas betr\u00fcbt uns sehr. Herr, wir bitte dich, sch\u00fctze die Menschen in der Ukraine und bewahre die Menschheit vor gr\u00f6\u00dferem Ungl\u00fcck. Bringe Russland zur Besinnung und lehre wirklichen Frieden. Stehe uns allen bei und besch\u00fctze uns.<\/p>\n<\/div><\/div><\/div><\/div><\/div><\/div><\/div><\/section>\n","protected":false},"excerpt":{"rendered":"Sch\u00fcler*innen aus Klasse 9 haben im evangelischen Religionsunterricht aus aktuellem Anlass Friedensgebete verfasst. &nbsp; Herr, ich bitte Dich, dass bald wieder Frieden auf Erden herrscht. Ich mache mir Sorgen um das friedliche Zusammenleben auf unserer Welt. Lass die Menschen aufh\u00f6ren, nach Waffen zu greifen, lass sie lernen, dass Frieden der Schl\u00fcssel zum Gl\u00fcck ist. Wir...","protected":false},"author":8,"featured_media":0,"comment_status":"closed","ping_status":"open","sticky":false,"template":"","format":"standard","meta":{"footnotes":""},"categories":[1],"tags":[],"class_list":["post-7777","post","type-post","status-publish","format-standard","hentry","category-news"],"publishpress_future_action":{"enabled":false,"date":"2026-05-08 10:04:06","action":"change-status","newStatus":"draft","terms":[],"taxonomy":"category","extraData":[]},"publishpress_future_workflow_manual_trigger":{"enabledWorkflows":[]},"_links":{"self":[{"href":"https:\/\/hoegy.de\/homepage\/wp-json\/wp\/v2\/posts\/7777","targetHints":{"allow":["GET"]}}],"collection":[{"href":"https:\/\/hoegy.de\/homepage\/wp-json\/wp\/v2\/posts"}],"about":[{"href":"https:\/\/hoegy.de\/homepage\/wp-json\/wp\/v2\/types\/post"}],"author":[{"embeddable":true,"href":"https:\/\/hoegy.de\/homepage\/wp-json\/wp\/v2\/users\/8"}],"replies":[{"embeddable":true,"href":"https:\/\/hoegy.de\/homepage\/wp-json\/wp\/v2\/comments?post=7777"}],"version-history":[{"count":2,"href":"https:\/\/hoegy.de\/homepage\/wp-json\/wp\/v2\/posts\/7777\/revisions"}],"predecessor-version":[{"id":7779,"href":"https:\/\/hoegy.de\/homepage\/wp-json\/wp\/v2\/posts\/7777\/revisions\/7779"}],"wp:attachment":[{"href":"https:\/\/hoegy.de\/homepage\/wp-json\/wp\/v2\/media?parent=7777"}],"wp:term":[{"taxonomy":"category","embeddable":true,"href":"https:\/\/hoegy.de\/homepage\/wp-json\/wp\/v2\/categories?post=7777"},{"taxonomy":"post_tag","embeddable":true,"href":"https:\/\/hoegy.de\/homepage\/wp-json\/wp\/v2\/tags?post=7777"}],"curies":[{"name":"wp","href":"https:\/\/api.w.org\/{rel}","templated":true}]}}