{"id":7878,"date":"2022-04-04T19:35:17","date_gmt":"2022-04-04T17:35:17","guid":{"rendered":"https:\/\/hoegy.de\/homepage\/?p=7878"},"modified":"2022-04-04T19:38:23","modified_gmt":"2022-04-04T17:38:23","slug":"plastikfasten","status":"publish","type":"post","link":"https:\/\/hoegy.de\/homepage\/plastikfasten\/","title":{"rendered":"Aufruf zum Plastikfasten"},"content":{"rendered":"<section class=\"l-section wpb_row height_small\"><div class=\"l-section-h i-cf\"><div class=\"g-cols vc_row via_flex valign_top type_default stacking_default\"><div class=\"vc_col-sm-6 wpb_column vc_column_container\"><div class=\"vc_column-inner\"><div class=\"wpb_wrapper\"><div class=\"wpb_text_column\"><div class=\"wpb_wrapper\"><p>Liebe Sch\u00fcler*innen des H\u00f6lderlin-Gymnasiums,<\/p>\n<p>wir, die Klasse 9b, rufen zum Klassen\u00fcbergreifenden <strong>Plastikfasten<\/strong> auf!<br \/>\nEin durchschnittlicher Deutscher verbraucht ca. 105g Plastik pro Tag. Von diesem verbrauchten Plastik nehmt ihr ca. 5 Gramm Mikroplastik pro Woche wieder auf &#8211; das entspricht etwa einer ganzen Kreditkarte. Lecker, oder?<\/p>\n<p>Daher fordern wir euch auf, bis Ostern auf Plastik zu verzichten!<\/p>\n<\/div><\/div><div class=\"w-image align_none\"><div class=\"w-image-h\"><img decoding=\"async\" width=\"421\" height=\"597\" data-src=\"https:\/\/hoegy.de\/homepage\/hgy-media\/plakat-ek-plastikfasten.png\" class=\"attachment-large size-large lazyload\" alt=\"\" data-srcset=\"https:\/\/hoegy.de\/homepage\/hgy-media\/plakat-ek-plastikfasten.png 421w, https:\/\/hoegy.de\/homepage\/hgy-media\/plakat-ek-plastikfasten-141x200.png 141w, https:\/\/hoegy.de\/homepage\/hgy-media\/plakat-ek-plastikfasten-420x595.png 420w, https:\/\/hoegy.de\/homepage\/hgy-media\/plakat-ek-plastikfasten-35x50.png 35w\" data-sizes=\"auto, (max-width: 421px) 100vw, 421px\" src=\"data:image\/svg+xml;base64,PHN2ZyB3aWR0aD0iMSIgaGVpZ2h0PSIxIiB4bWxucz0iaHR0cDovL3d3dy53My5vcmcvMjAwMC9zdmciPjwvc3ZnPg==\" style=\"--smush-placeholder-width: 421px; --smush-placeholder-aspect-ratio: 421\/597;\" \/><\/div><\/div><\/div><\/div><\/div><div class=\"vc_col-sm-6 wpb_column vc_column_container\"><div class=\"vc_column-inner\"><div class=\"wpb_wrapper\"><div class=\"w-image align_none\"><div class=\"w-image-h\"><img decoding=\"async\" width=\"640\" height=\"216\" data-src=\"https:\/\/hoegy.de\/homepage\/hgy-media\/plastikfasten_projekt.jpeg\" class=\"attachment-large size-large lazyload\" alt=\"\" data-srcset=\"https:\/\/hoegy.de\/homepage\/hgy-media\/plastikfasten_projekt.jpeg 640w, https:\/\/hoegy.de\/homepage\/hgy-media\/plastikfasten_projekt-200x68.jpeg 200w, https:\/\/hoegy.de\/homepage\/hgy-media\/plastikfasten_projekt-600x203.jpeg 600w, https:\/\/hoegy.de\/homepage\/hgy-media\/plastikfasten_projekt-50x17.jpeg 50w\" data-sizes=\"auto, (max-width: 640px) 100vw, 640px\" src=\"data:image\/svg+xml;base64,PHN2ZyB3aWR0aD0iMSIgaGVpZ2h0PSIxIiB4bWxucz0iaHR0cDovL3d3dy53My5vcmcvMjAwMC9zdmciPjwvc3ZnPg==\" style=\"--smush-placeholder-width: 640px; --smush-placeholder-aspect-ratio: 640\/216;\" \/><\/div><\/div><\/div><\/div><\/div><\/div><\/div><\/section>\n","protected":false},"excerpt":{"rendered":"Liebe Sch\u00fcler*innen des H\u00f6lderlin-Gymnasiums, wir, die Klasse 9b, rufen zum Klassen\u00fcbergreifenden Plastikfasten auf! Ein durchschnittlicher Deutscher verbraucht ca. 105g Plastik pro Tag. Von diesem verbrauchten Plastik nehmt ihr ca. 5 Gramm Mikroplastik pro Woche wieder auf &#8211; das entspricht etwa einer ganzen Kreditkarte. Lecker, oder? Daher fordern wir euch auf, bis Ostern auf Plastik zu...","protected":false},"author":2,"featured_media":7879,"comment_status":"closed","ping_status":"open","sticky":false,"template":"","format":"standard","meta":{"footnotes":""},"categories":[1],"tags":[],"class_list":["post-7878","post","type-post","status-publish","format-standard","has-post-thumbnail","hentry","category-news"],"publishpress_future_action":{"enabled":false,"date":"2026-05-08 17:36:42","action":"change-status","newStatus":"draft","terms":[],"taxonomy":"category","extraData":[]},"publishpress_future_workflow_manual_trigger":{"enabledWorkflows":[]},"_links":{"self":[{"href":"https:\/\/hoegy.de\/homepage\/wp-json\/wp\/v2\/posts\/7878","targetHints":{"allow":["GET"]}}],"collection":[{"href":"https:\/\/hoegy.de\/homepage\/wp-json\/wp\/v2\/posts"}],"about":[{"href":"https:\/\/hoegy.de\/homepage\/wp-json\/wp\/v2\/types\/post"}],"author":[{"embeddable":true,"href":"https:\/\/hoegy.de\/homepage\/wp-json\/wp\/v2\/users\/2"}],"replies":[{"embeddable":true,"href":"https:\/\/hoegy.de\/homepage\/wp-json\/wp\/v2\/comments?post=7878"}],"version-history":[{"count":3,"href":"https:\/\/hoegy.de\/homepage\/wp-json\/wp\/v2\/posts\/7878\/revisions"}],"predecessor-version":[{"id":7883,"href":"https:\/\/hoegy.de\/homepage\/wp-json\/wp\/v2\/posts\/7878\/revisions\/7883"}],"wp:featuredmedia":[{"embeddable":true,"href":"https:\/\/hoegy.de\/homepage\/wp-json\/wp\/v2\/media\/7879"}],"wp:attachment":[{"href":"https:\/\/hoegy.de\/homepage\/wp-json\/wp\/v2\/media?parent=7878"}],"wp:term":[{"taxonomy":"category","embeddable":true,"href":"https:\/\/hoegy.de\/homepage\/wp-json\/wp\/v2\/categories?post=7878"},{"taxonomy":"post_tag","embeddable":true,"href":"https:\/\/hoegy.de\/homepage\/wp-json\/wp\/v2\/tags?post=7878"}],"curies":[{"name":"wp","href":"https:\/\/api.w.org\/{rel}","templated":true}]}}