{"id":8007,"date":"2022-05-24T12:44:38","date_gmt":"2022-05-24T10:44:38","guid":{"rendered":"https:\/\/hoegy.de\/homepage\/?p=8007"},"modified":"2022-05-25T10:19:59","modified_gmt":"2022-05-25T08:19:59","slug":"kurzgeschichtenwettbewerb-klasse-10d","status":"publish","type":"post","link":"https:\/\/hoegy.de\/homepage\/kurzgeschichtenwettbewerb-klasse-10d\/","title":{"rendered":"Kurzgeschichten-Wettbewerb Klasse 10d"},"content":{"rendered":"<section class=\"l-section wpb_row height_small\"><div class=\"l-section-h i-cf\"><div class=\"g-cols vc_row via_flex valign_top type_default stacking_default\"><div class=\"vc_col-sm-6 wpb_column vc_column_container\"><div class=\"vc_column-inner\"><div class=\"wpb_wrapper\"><div class=\"wpb_text_column\"><div class=\"wpb_wrapper\"><p><span style=\"font-size: small;\">Die Klasse 10d hat einen kleinen, internen Kurzgeschichtenwettbewerb im Fach Deutsch veranstaltet. Ausgangspunkt waren Gewinnerfotos des diesj\u00e4hrigen World Press Foto Contest, die gegenw\u00e4rtige Probleme wie etwa Konflikte oder Umweltkatastrophen auf verschiedenen Kontinenten aufgreifen und somit auch einen tolle Erz\u00e4hlanl\u00e4sse bieten. Aufgabe der Sch\u00fclerInnen war es, die Personen auf dem Bild zum Leben zu erwecken, die Hintergr\u00fcnde des jeweiligen Fotos zu recherchieren und zu verarbeiten und alles zu einer spannenden Geschichte zu verweben.<\/span><\/p>\n<p><span style=\"font-size: small;\">Die Gewinnergeschichten stammen von:<\/span><\/p>\n<\/div><\/div><div class=\"w-popup w-btn-wrapper align_none\"><button class=\"w-popup-trigger type_btn w-btn us-btn-style_1 icon_atleft\" aria-label=\"Geschichte von Max (1. Platz)\" type=\"button\"><i class=\"fas fa-trophy\"><\/i><span class=\"w-btn-label\">Geschichte von Max (1. Platz)<\/span><\/button><div class=\"w-popup-overlay\" style=\"background:rgba(0,0,0,0.85);\"><\/div><div class=\"w-popup-wrap layout_default\" role=\"dialog\" aria-modal=\"true\" aria-label=\"Pop-up\" style=\"--title-color:var(--color-content-heading);--title-bg-color:var(--color-content-bg-alt);--content-color:var(--color-content-text);--content-bg-color:var(--color-content-bg);--popup-width:600px;--popup-padding:5%;\"><button aria-label=\"Schlie\u00dfen\" class=\"w-popup-closer\" type=\"button\"><\/button><div class=\"w-popup-box animation_fadeIn closerpos_outside without_title\"><div class=\"w-popup-box-h\"><div class=\"w-popup-box-content\"><h2>Eine albtraumhafte Nacht<\/h2>\n<p>Durch das Fenster gegen\u00fcber des Bettes fiel noch kein Licht. Lilja wachte auf, aus dem Schlaf gejagt durch ein unangenehmes Gef\u00fchl. Sie setzte sich auf, die Augen weit aufgerissen, doch sehen konnte sie nur bis zu ihrem Stoffhasen im roten Kleid, der \u00fcber Nacht irgendwie an ihr Bettende gelangt war. Sie starrte in die Dunkelheit und lauschte der Stille. Irgendetwas war nicht ganz richtig. Sie schloss die Augen. Kein gro\u00dfer Unterschied, wie die Augen offen zu halten, alles war dunkel. Ihr war mulmig. Da war so ein Ger\u00e4usch. Ein leises Grummeln und Knarzen, als grabe sich etwas durch den Boden und die W\u00e4nde. Das Ger\u00e4usch wurde lauter, intensiver. Es schl\u00e4ngelte sich durch Wand, Decke und Boden. Pl\u00f6tzlich knackte es neben ihr in der Wand. Das Ger\u00e4usch klang, als zerbr\u00e4che man eine Karotte, ganz langsam. Lilja kauerte sich im Bett zusammen. Sie machte die Augen noch fester zu, ver\u00e4ngstigt von den Ger\u00e4uschen. Diese wurden jedoch immer lauter, sa\u00dfen tief in den W\u00e4nden. Pl\u00f6tzlich bildete sich ein Riss im Boden, ein lautes Knacken durchfuhr den Raum. Lilja schrie vor Schreck auf, rannte aus ihrem Zimmer und in den Gang, wo sie ihren Eltern entgegenkam, die Augen vor Furcht weit aufgerissen und eine \u00d6llampe in der Hand haltend. Gemeinsam rannten sie aus dem Haus, w\u00e4hrend ein ohrenbet\u00e4ubendes Knacken vom Gem\u00e4uer zu kommen schien. Gerade als sie die T\u00fcrschwelle \u00fcbertraten, war ein dumpfer, trotzdem tosender Knall von tief im Boden zu vernehmen. Der feuchte, leicht aufgetaute Boden fing an zu beben, das Haus zitterte. Lilja klammerte sich fest an ihre Eltern. Wie sie so in der K\u00e4lte standen, war die M\u00fcdigkeit komplett verschwunden. Nachdem sich das Gegrummel und Geknarze gelegt hatte, schaute die Sonne gerade \u00fcber den Horizont, sodass das Zwielicht das Areal genug ausleuchtete, um den Albtraum zu enth\u00fcllen. Die Fassade war durchzogen von kleinen Rissen und an ein paar Stellen fehlten gro\u00dfe Brocken Putz. Viele Fenster hatten Risse und manche waren sogar zersprungen. Im Flur war es \u00e4hnlich. Die W\u00e4nde waren durchzogen von Rissen so d\u00fcnn wie \u00c4derchen, und hin und wieder L\u00f6chern so gro\u00df wie Tennisb\u00e4lle. Als Lilja zu ihrem Zimmer kam, stockte ihr der Atem. Ein baum\u00e4hnlicher Riss schl\u00e4ngelte sich von der Decke \u00fcber die Wand bis zum Boden und war an den breitesten Stellen wadenbreit. \u00dcberall lag Schutt auf dem Boden, das Bett war mit Staub \u00fcberzogen. Das Kleid ihres Stoffhasen war nicht mehr rot, sondern mausegrau. W\u00e4hrend sie sich auf dem Boden zusammenkauerte, h\u00f6rte sie ihre Mutter von unten rufen: \u201eLilja, nimm nen Besen und hilf!\u201c<\/p>\n<\/div><\/div><\/div><\/div><\/div><div class=\"w-popup w-btn-wrapper align_none\"><button class=\"w-popup-trigger type_btn w-btn us-btn-style_1 icon_atleft\" aria-label=\"Geschichte von Laetitia\" type=\"button\"><i class=\"fas fa-book\"><\/i><span class=\"w-btn-label\">Geschichte von Laetitia<\/span><\/button><div class=\"w-popup-overlay\" style=\"background:rgba(0,0,0,0.85);\"><\/div><div class=\"w-popup-wrap layout_default\" role=\"dialog\" aria-modal=\"true\" aria-label=\"Pop-up\" style=\"--title-color:var(--color-content-heading);--title-bg-color:var(--color-content-bg-alt);--content-color:var(--color-content-text);--content-bg-color:var(--color-content-bg);--popup-width:600px;--popup-padding:5%;\"><button aria-label=\"Schlie\u00dfen\" class=\"w-popup-closer\" type=\"button\"><\/button><div class=\"w-popup-box animation_fadeIn closerpos_outside without_title\"><div class=\"w-popup-box-h\"><div class=\"w-popup-box-content\"><h2><strong>Damit er uns finden kann<\/strong><\/h2>\n<p>Die Sonne war schon untergegangen. Diese Gegend war ihm unbekannt. Er lief weiter, vorbei an den letzten noch stehenden Geb\u00e4uden der Stadt.<\/p>\n<p>\u201eWo bist du blo\u00df?\u201c, murmelte er vor sich hin, w\u00e4hrend er auf den Schutt unter seinen F\u00fc\u00dfen starrte. Die Ruinen, alles sah so leblos aus \u2013 bis er weit vor sich eine Gruppe Menschen entdeckte. Manche waren \u00e4lter als er, manche noch sehr jung. Sie sa\u00dfen im Kreis unter einem Dach aus Decken, die auf Balken gest\u00fctzt waren. Sie sahen ersch\u00f6pft und zugleich erleichtert aus. Manche hielten kleine pal\u00e4stinensische Flaggen in den H\u00e4nden.<\/p>\n<p>Als die Menschen auf ihn aufmerksam wurden, wurden sie unruhig. Skeptisch blickten sie ihm entgegen. Als er dem Unterschlupf n\u00e4her kam, erkannten sie jedoch sein junges Alter und entspannten sich.<\/p>\n<p>\u201eHi, wer bist du?\u201c, kam es von zwei etwas \u00e4lteren Jungen, die jeweils eine Flagge hielten. \u201eWillst du dich zu uns setzen? Du siehst durstig aus.\u201c<\/p>\n<p>\u201eIch bin Ali\u201c, sagte er leise, als er sich auf den sandigen Boden setzte. Sein Blick f\u00fchrte zu einer Schachtel Kerzen, die versteckt unter dem Schutt neben ihm herausragten. \u201eSolche Kerzen hat mein Bruder immer f\u00fcr mich angez\u00fcndet, wenn ich nachts Angst hatte. Angst, ihn im Dunkeln auch noch zu verlieren.\u201c Er zog die Schachtel unter den Steinen hervor.<\/p>\n<p>\u201eWo ist denn dein Bruder jetzt?\u201c, fragte ein sehr kleiner Junge, der ihm gegen\u00fcbersa\u00df.<\/p>\n<p>\u201eEs ging alles sehr schnell. Mein Bruder fand endlich ein H\u00e4uschen, das noch nicht zerst\u00f6rt war. Irgendwann kamen dann M\u00e4nner und er sagte ich soll drinnen auf ihn warten. Er hat gesagt, er w\u00fcrde es kl\u00e4ren und dann\u201c, seine Stimme wurde zittriger, \u201ewieder zu mir zur\u00fcckkommen.\u201c<\/p>\n<p>\u201eWie lange ist er schon weg?\u201c, wollten die Jungen wissen.<\/p>\n<p>\u201eAch, ein paar Tage\u201c, antwortete Ali. Daraufhin schwieg er. Keiner der Jungen sprach mehr, bestimmt f\u00fcr f\u00fcnf Minuten nicht. Ein Mann, den Ali bisher noch nicht bemerkt hatte, weil er so weit hinten sa\u00df und den Kopf bisher nur nach unten gerichtet hatte, schaute ihn jetzt mitf\u00fchlend an und kramte in seiner Tasche.<\/p>\n<p>\u201eSchau mal, ich hab ein Feuerzeug\u201c, sagte der Mann und zog es heraus. \u201eLass uns zusammen die Kerzen anz\u00fcnden und an deinen Bruder, und jeden der in diesem Krieg verloren ging, denken.\u201c<\/p>\n<p>Alis Augen leuchteten: \u201eDamit er uns finden kann, nat\u00fcrlich!\u201c<\/p>\n<p>Der Mann seufzte auf und sagte dann: \u201eVon irgendwoher wird er das Licht schon sehen und wissen, dass du an ihn denkst, so viel ist sicher.\u201c<\/p>\n<p>Ali h\u00f6rte gar nicht richtig zu, sondern schnappte sich nur schnell eine Kerze und stand auf. Alle folgten ihm und entz\u00fcndeten ihre Kerze an dem Feuerzeug des Mannes. Manche hielten sie in der Hand, manche stellten sie auf einen Tisch in der Mitte, der aus zwei gro\u00dfen Steinen und einer Holzplatte bestand. So sa\u00dfen sie da, die ganze Nacht und ohne Worte.<\/p>\n<p>Manche in Trauer, manche in Hoffnung.<\/p>\n<\/div><\/div><\/div><\/div><\/div><div class=\"w-popup w-btn-wrapper align_none\"><button class=\"w-popup-trigger type_btn w-btn us-btn-style_1 icon_atleft\" aria-label=\"Geschichte von Katja\" type=\"button\"><i class=\"fas fa-book\"><\/i><span class=\"w-btn-label\">Geschichte von Katja<\/span><\/button><div class=\"w-popup-overlay\" style=\"background:rgba(0,0,0,0.85);\"><\/div><div class=\"w-popup-wrap layout_default\" role=\"dialog\" aria-modal=\"true\" aria-label=\"Pop-up\" style=\"--title-color:var(--color-content-heading);--title-bg-color:var(--color-content-bg-alt);--content-color:var(--color-content-text);--content-bg-color:var(--color-content-bg);--popup-width:600px;--popup-padding:5%;\"><button aria-label=\"Schlie\u00dfen\" class=\"w-popup-closer\" type=\"button\"><\/button><div class=\"w-popup-box animation_fadeIn closerpos_outside without_title\"><div class=\"w-popup-box-h\"><div class=\"w-popup-box-content\"><h2><strong>Anders<\/strong><\/h2>\n<p>Er war einer von ihnen. Er stand in der Gruppe und schaute sich immer wieder nerv\u00f6s um. Wie die anderen auch, trug er nur eine Jeans und Schuhe. Sein Oberk\u00f6rper und sein Gesicht waren bemalt. Der Blick misstrauisch. Alle warteten sie in der Schlange auf ihren Flug. Sie wollten heim. Wieder in ihre Welt. Doch es stand noch jemand bei ihnen. Ein Mann mit einer Kamera. Er hatte sie die ganze Zeit schon begleitet. Immer wieder machte er Fotos. Mal von einem, mal von der ganzen Gruppe. Als er ihn fotografieren wollte, trat der junge Mann aus der Gruppe auf den Fotografen zu. Die Hand am G\u00fcrtel. \u201eWas willst du von uns? Wieso verfolgst du uns die ganze Zeit? Seit wir in Brasilia angekommen sind, hast du uns keine Ruhe gelassen. Immer wieder hast du deine Maschine rausgeholt und da reingeschaut. St\u00e4ndig. Was soll das?\u201c Sichtlich geschockt und ver\u00e4ngstigt stotterte der Fotograf: \u201eI\u2026ich, ich bin Fotograf. Ich mache Aufnahmen, also Bilder von euch, um der Welt zu zeigen was hier passiert. Man begegnet nicht t\u00e4glich einer Gruppe Indigene, die f\u00fcr einen Protest in die Hauptstadt reisen. Es ist spannend mal so ganz andere Menschen zu begleiten.\u201c Der Fotograf beruhigte sich langsam, doch nun konnte man in seinem Gegen\u00fcber sichtlich die Wut aufkochen sehen.\u00a0 \u201eNur weil wir anders sind, verfolgst du uns?! D\u00fcrfen wir etwa nicht auch mal unseren Wald verlassen und unseren Freunden helfen? Oder es wenigstens versuchen?\u201c \u201eDoch, doch!\u201c, entgegnete der Fotograf nerv\u00f6s. \u201eDas hab ich nicht gesagt. Ihr seid halt blo\u00df so anders. Ihr tragt eure traditionelle Kleidung und zieht die modernsten Koffer hinter euch her.\u201c Der Fotograf l\u00e4chelte gek\u00fcnstelt, doch das machten seinen Gespr\u00e4chspartner umso w\u00fctender. Seine Hand umschloss nun den Griff eines Messers, das im G\u00fcrtel steckte. \u201eEs ist also, weil wir anders sind! Wir sind nicht normal genug! Du h\u00e4ttest es wohl gerne, dass wir Taschen aus Bl\u00e4ttern haben, oder wie? Ich sag dir eins: Auch wir d\u00fcrfen nutzen was praktisch ist.\u201c Er holte Luft und redete weiter. \u201eWir sind anders, ja sch\u00f6n. Aber muss das wirklich die ganze Welt sehen? Das wissen doch eh alle. Ich will nicht, dass du deine Bilder, die du mit deiner Maschine malst, ver\u00f6ffentlichst! Denkst du wir finden es sch\u00f6n die ganze Zeit beobachtet zu werden? Du bist doch auch anders. Immer rennst du mit deiner Maschine da rum und kniest dich hin und l\u00e4ufst um uns rum. Dich kann man auch f\u00fcr verr\u00fcckt halten. Alle Menschen gucken schon die ganze Zeit in deine Richtung! Soll ich dir mal zeigen, wie das aussieht?\u201c Er schnappte sich die Kamera des Fotografen. Der war zu geschockt, um zu reagieren. Schon wurde er zu Boden geschubst. Der junge Mann lief mit der Kamera zur\u00fcck zu seinem Koffer und seiner Gruppe, und dr\u00e4ngte sich in deren Mitte.<\/p>\n<\/div><\/div><\/div><\/div><\/div><div class=\"w-popup w-btn-wrapper align_none\"><button class=\"w-popup-trigger type_btn w-btn us-btn-style_1 icon_atleft\" aria-label=\"Geschichte von Henning\" type=\"button\"><i class=\"fas fa-book\"><\/i><span class=\"w-btn-label\">Geschichte von Henning<\/span><\/button><div class=\"w-popup-overlay\" style=\"background:rgba(0,0,0,0.85);\"><\/div><div class=\"w-popup-wrap layout_default\" role=\"dialog\" aria-modal=\"true\" aria-label=\"Pop-up\" style=\"--title-color:var(--color-content-heading);--title-bg-color:var(--color-content-bg-alt);--content-color:var(--color-content-text);--content-bg-color:var(--color-content-bg);--popup-width:600px;--popup-padding:5%;\"><button aria-label=\"Schlie\u00dfen\" class=\"w-popup-closer\" type=\"button\"><\/button><div class=\"w-popup-box animation_fadeIn closerpos_outside without_title\"><div class=\"w-popup-box-h\"><div class=\"w-popup-box-content\"><h2><strong>Verfall<\/strong><\/h2>\n<p><em>\u201cHolzp\u00fcppchen dreh dich, Holzp\u00fcppchen dreh dich.\u201d Sagt das kleine sibirische M\u00e4dchen, welches gerade im Begriff ist, ihre Puppe zu lynchen. Pl\u00f6tzlich kauert sich das M\u00e4dchen nieder, Risse ziehen sich \u00fcber die W\u00e4nde. Der Putz br\u00f6ckelt von der Decke und f\u00e4llt hart zu Boden. Jetzt ein Knall, ein lauter Schrei, geradezu markersch\u00fctternd. Das Geb\u00e4ude sackt erst einen halben Meter ab, dann verschwindet es unter lautem Get\u00f6se im Boden.<\/em><\/p>\n<p>Junis wacht vor Schrecken auf, die Luft liegt voll Staub, es ist komplett dunkel und von dr\u00fcben kann er seine Mutter auf Arabisch panisch rufen h\u00f6ren: \u201cZu H\u00fclfe! Zu H\u00fclfe!\u201d Als es ihm gelingt seine Augen zu \u00f6ffnen blickt er auf ein Loch. Ja, fast w\u00e4re sein Bett aus dem Zimmer gefallen, die Wand fehlt komplett. Er springt auf und rennt zur Wohnungst\u00fcr, dort waren sie alle versammelt. Das Geb\u00e4ude f\u00e4ngt an heftig zu wanken, er wird gepackt und sie rennen die Treppen hinab. Weit \u00fcber ihnen k\u00f6nnen sie Stimmen anderer Bewohner h\u00f6ren. Er blickt in die ge\u00f6ffneten T\u00fcren, verlassene Wohnungen, ein Hamas-Waffenlager, eine Familie, welche ihr Hab und Gut zusammensucht und in Eile verlassene Callcenter. Fast haben sie den Haupteingang erreicht, da erleuchtet der Nachthimmel. F\u00fcr einen Moment ist es pl\u00f6tzlich Tag, dann h\u00f6rt Junis von oben einen weiteren Schlag, gefolgt von ohrenbet\u00e4ubendem Get\u00f6se. Stille.<\/p>\n<p><em>Das M\u00e4dchen liegt da wie tot, begraben von Schutt und Gestein. Es ist bitterkalt, kein Licht, kein gar Nichts. Stille. Er sieht sie vor sich, eine Frau kommt keuchend ins Zimmer, ihr Blick fixiert ihn f\u00fcr einige Sekunden, fast als k\u00f6nnte sie ihn sehen. Dann erblickt sie das M\u00e4dchen wie es da liegt und bricht neben ihm zusammen.<\/em><\/p>\n<p>Junis erwacht wieder, fasst sich an den Kopf und blickt die Umstehenden an. Viele haben Wunden, sind komplett verstaubt und einem steckt ein iPhone im Kopf. Das Feuer l\u00e4sst sie wie Geister aussehen. Sein Kopf dr\u00f6hnt, als w\u00e4re er in einer mit alkoholischem Dampf gef\u00fcllten H\u00f6hle. Alles wirbelt wie wild umher. Pl\u00f6tzlich springen die Gestalten neben ihm auf. Sie tanzen ums Feuer und skandieren: \u201eFeuerkreis, Feuerkreis dreh dich\u201d. Ihn ergreift wieder die Schw\u00e4che und er verf\u00e4llt seinem Fieber.<\/p>\n<\/div><\/div><\/div><\/div><\/div><\/div><\/div><\/div><div class=\"vc_col-sm-6 wpb_column vc_column_container\"><div class=\"vc_column-inner\"><div class=\"wpb_wrapper\"><div class=\"w-slider style_none fit_scaledown nav_none count_3\"><div class=\"w-slider-h\" aria-hidden=\"true\"><div class=\"royalSlider\"><div class=\"rsContent\"><a class=\"rsImg\" data-rsw=\"1024\" data-rsh=\"683\" href=\"https:\/\/hoegy.de\/homepage\/hgy-media\/WPP_2022Contest_South-America_LTP_Lalo-de-Almeida_NAD-1024x683.jpg\"><span data-alt=\"\"><\/span><\/a><div class=\"rsABlock\" data-fadeEffect=\"false\" data-moveEffect=\"none\"><div class=\"w-slider-item-title\">Foto 1 (Die Dystopie des Amazonas)<\/div><\/div><\/div><div class=\"rsContent\"><a class=\"rsImg\" data-rsw=\"1024\" data-rsh=\"768\" href=\"https:\/\/hoegy.de\/homepage\/hgy-media\/WPP_2022Contest_Europe_STO_Nanna-Heitman_GJ-1024x768.jpg\"><span data-alt=\"\"><\/span><\/a><div class=\"rsABlock\" data-fadeEffect=\"false\" data-moveEffect=\"none\"><div class=\"w-slider-item-title\">Foto 2 (Wenn geforenes Land brennt)<\/div><\/div><\/div><div class=\"rsContent\"><a class=\"rsImg\" data-rsw=\"1024\" data-rsh=\"683\" href=\"https:\/\/hoegy.de\/homepage\/hgy-media\/WPP_2022Contest_Asia_SIN_Fatima-Shbair-1024x683.jpg\"><span data-alt=\"\"><\/span><\/a><div class=\"rsABlock\" data-fadeEffect=\"false\" data-moveEffect=\"none\"><div class=\"w-slider-item-title\">Foto 3 (Pal\u00e4stinensische Kinder in Gaza)<\/div><\/div><\/div><\/div><img decoding=\"async\" data-src=\"https:\/\/hoegy.de\/homepage\/hgy-media\/WPP_2022Contest_South-America_LTP_Lalo-de-Almeida_NAD-1024x683.jpg\" width=\"1024\" height=\"683\" alt src=\"data:image\/svg+xml;base64,PHN2ZyB3aWR0aD0iMSIgaGVpZ2h0PSIxIiB4bWxucz0iaHR0cDovL3d3dy53My5vcmcvMjAwMC9zdmciPjwvc3ZnPg==\" class=\"lazyload\" style=\"--smush-placeholder-width: 1024px; --smush-placeholder-aspect-ratio: 1024\/683;\"><\/div><div class=\"w-slider-json\" onclick='return {&quot;autoScaleSlider&quot;:true,&quot;addActiveClass&quot;:true,&quot;loop&quot;:true,&quot;fadeInLoadedSlide&quot;:false,&quot;slidesSpacing&quot;:0,&quot;imageScalePadding&quot;:0,&quot;numImagesToPreload&quot;:2,&quot;arrowsNav&quot;:true,&quot;arrowsNavAutoHide&quot;:false,&quot;transitionType&quot;:&quot;move&quot;,&quot;transitionSpeed&quot;:250,&quot;block&quot;:{&quot;moveEffect&quot;:&quot;none&quot;,&quot;speed&quot;:300},&quot;thumbs&quot;:{&quot;fitInViewport&quot;:false,&quot;firstMargin&quot;:false,&quot;spacing&quot;:4},&quot;controlNavigation&quot;:&quot;none&quot;,&quot;autoScaleSliderWidth&quot;:1024,&quot;autoScaleSliderHeight&quot;:683}'><\/div><\/div><div class=\"wpb_text_column\"><div class=\"wpb_wrapper\"><pre><em>Foto 1 (Die Dystopie des Amazonas):\u00a0<a href=\"https:\/\/www.worldpressphoto.org\/getmedia\/4e5e1bb0-2f5b-4c5b-95b9-93b310193f1a\/WPP_2022Contest_South-America_LTP_Lalo-de-Almeida_NAD.jpg?maxsidesize=1920&amp;resizemode=force\" target=\"_blank\" rel=\"noopener noreferrer\">https:\/\/www.worldpressphoto.org\/getmedia\/4e5e1bb0-2f5b-4c5b-95b9-93b310193f1a\/WPP_2022Contest_South-America_LTP_Lalo-de-Almeida_NAD.jpg?maxsidesize=1920&amp;resizemode=force<\/a><\/em>\r\n\r\n<em>Foto 2 (Wenn gefrorenes Land brennt):\u00a0<a href=\"https:\/\/www.worldpressphoto.org\/getmedia\/22fcc617-3195-4966-bb61-8053f9b10c34\/WPP_2022Contest_Europe_STO_Nanna-Heitman_GJ.jpg?maxsidesize=1920&amp;resizemode=force\" target=\"_blank\" rel=\"noopener noreferrer\">https:\/\/www.worldpressphoto.org\/getmedia\/22fcc617-3195-4966-bb61-8053f9b10c34\/WPP_2022Contest_Europe_STO_Nanna-Heitman_GJ.jpg?maxsidesize=1920&amp;resizemode=force<\/a><\/em>\r\n\r\n<em>Foto 3 (Pal\u00e4stinensische Kinder in Gaza):\u00a0<a href=\"https:\/\/www.worldpressphoto.org\/getmedia\/1b9934af-68cd-4318-b9af-670a617cd21c\/WPP_2022Contest_Asia_SIN_Fatima-Shbair.jpg?maxsidesize=1920&amp;resizemode=force\" target=\"_blank\" rel=\"noopener noreferrer\">https:\/\/www.worldpressphoto.org\/getmedia\/1b9934af-68cd-4318-b9af-670a617cd21c\/WPP_2022Contest_Asia_SIN_Fatima-Shbair.jpg?maxsidesize=1920&amp;resizemode=force<\/a><\/em><\/pre>\n<\/div><\/div><\/div><\/div><\/div><\/div><\/div><\/section>\n","protected":false},"excerpt":{"rendered":"Die Klasse 10d hat einen kleinen, internen Kurzgeschichtenwettbewerb im Fach Deutsch veranstaltet. Ausgangspunkt waren Gewinnerfotos des diesj\u00e4hrigen World Press Foto Contest, die gegenw\u00e4rtige Probleme wie etwa Konflikte oder Umweltkatastrophen auf verschiedenen Kontinenten aufgreifen und somit auch einen tolle Erz\u00e4hlanl\u00e4sse bieten. Aufgabe der Sch\u00fclerInnen war es, die Personen auf dem Bild zum Leben zu erwecken, die...","protected":false},"author":2,"featured_media":8008,"comment_status":"closed","ping_status":"open","sticky":false,"template":"","format":"standard","meta":{"footnotes":""},"categories":[1],"tags":[],"class_list":["post-8007","post","type-post","status-publish","format-standard","has-post-thumbnail","hentry","category-news"],"publishpress_future_action":{"enabled":false,"date":"2026-05-03 16:47:19","action":"change-status","newStatus":"draft","terms":[],"taxonomy":"category","extraData":[]},"publishpress_future_workflow_manual_trigger":{"enabledWorkflows":[]},"_links":{"self":[{"href":"https:\/\/hoegy.de\/homepage\/wp-json\/wp\/v2\/posts\/8007","targetHints":{"allow":["GET"]}}],"collection":[{"href":"https:\/\/hoegy.de\/homepage\/wp-json\/wp\/v2\/posts"}],"about":[{"href":"https:\/\/hoegy.de\/homepage\/wp-json\/wp\/v2\/types\/post"}],"author":[{"embeddable":true,"href":"https:\/\/hoegy.de\/homepage\/wp-json\/wp\/v2\/users\/2"}],"replies":[{"embeddable":true,"href":"https:\/\/hoegy.de\/homepage\/wp-json\/wp\/v2\/comments?post=8007"}],"version-history":[{"count":8,"href":"https:\/\/hoegy.de\/homepage\/wp-json\/wp\/v2\/posts\/8007\/revisions"}],"predecessor-version":[{"id":8052,"href":"https:\/\/hoegy.de\/homepage\/wp-json\/wp\/v2\/posts\/8007\/revisions\/8052"}],"wp:featuredmedia":[{"embeddable":true,"href":"https:\/\/hoegy.de\/homepage\/wp-json\/wp\/v2\/media\/8008"}],"wp:attachment":[{"href":"https:\/\/hoegy.de\/homepage\/wp-json\/wp\/v2\/media?parent=8007"}],"wp:term":[{"taxonomy":"category","embeddable":true,"href":"https:\/\/hoegy.de\/homepage\/wp-json\/wp\/v2\/categories?post=8007"},{"taxonomy":"post_tag","embeddable":true,"href":"https:\/\/hoegy.de\/homepage\/wp-json\/wp\/v2\/tags?post=8007"}],"curies":[{"name":"wp","href":"https:\/\/api.w.org\/{rel}","templated":true}]}}