{"id":8274,"date":"2022-07-25T22:13:14","date_gmt":"2022-07-25T20:13:14","guid":{"rendered":"https:\/\/hoegy.de\/homepage\/?p=8274"},"modified":"2022-09-06T22:17:17","modified_gmt":"2022-09-06T20:17:17","slug":"sicher-mit-dem-rad-unterwegs","status":"publish","type":"post","link":"https:\/\/hoegy.de\/homepage\/sicher-mit-dem-rad-unterwegs\/","title":{"rendered":"Sicher mit dem Rad unterwegs"},"content":{"rendered":"<section class=\"l-section wpb_row height_small\"><div class=\"l-section-h i-cf\"><div class=\"g-cols vc_row via_flex valign_top type_default stacking_default\"><div class=\"vc_col-sm-6 wpb_column vc_column_container\"><div class=\"vc_column-inner\"><div class=\"wpb_wrapper\"><div class=\"wpb_text_column\"><div class=\"wpb_wrapper\"><p><span data-contrast=\"auto\">Am 14. und 21.7. durften die M\u00e4dchen der Klassen 5c\/d ausger\u00fcstet mit Fahrrad und Helm Anette Etzel, Trainerin der Mountainbike-Abteilung des TB Neuffen, bei sich im Sportunterricht begr\u00fc\u00dfen.<\/span><span data-ccp-props=\"{}\">\u00a0<\/span><\/p>\n<p><span data-contrast=\"auto\">Nachdem jede das Rad einer Mitsch\u00fclerin auf Fahrsicherheit gecheckt hatte und auf die Unerl\u00e4sslichkeit funktionierender Bremsen und des Tragens eines Helms hingewiesen wurde, durften die M\u00e4dchen anhand zahlreicher spielerischer \u00dcbungen sich und ihr Rad (neu?) kennenlernen. Es war sch\u00f6n zu sehen, dass man bereits nach zwei Terminen Fortschritte beim Bremsen, Gleichgewicht Halten und der allgemeinen Fahrsicherheit erkennen konnte. So sind die M\u00e4dchen nun bestens gewappnet, um den Schulweg oder andere Fahrten mit dem Rad sicher zu meistern.<\/span><span data-ccp-props=\"{}\">\u00a0<\/span><\/p>\n<p><span data-contrast=\"auto\">Ein gro\u00dfes Dankesch\u00f6n geht an Anette Etzel, die sich f\u00fcr das Training auf den Weg zum H\u00f6gy gemacht hat und an alle Eltern, die es erm\u00f6glicht haben, dass ihre Kinder mit eigenem Rad und Helm teilnehmen konnten.<\/span><span data-ccp-props=\"{}\">\u00a0<\/span><\/p>\n<\/div><\/div><\/div><\/div><\/div><\/div><\/div><\/section>\n","protected":false},"excerpt":{"rendered":"Am 14. und 21.7. durften die M\u00e4dchen der Klassen 5c\/d ausger\u00fcstet mit Fahrrad und Helm Anette Etzel, Trainerin der Mountainbike-Abteilung des TB Neuffen, bei sich im Sportunterricht begr\u00fc\u00dfen.\u00a0 Nachdem jede das Rad einer Mitsch\u00fclerin auf Fahrsicherheit gecheckt hatte und auf die Unerl\u00e4sslichkeit funktionierender Bremsen und des Tragens eines Helms hingewiesen wurde, durften die M\u00e4dchen anhand...","protected":false},"author":8,"featured_media":0,"comment_status":"closed","ping_status":"open","sticky":false,"template":"","format":"standard","meta":{"footnotes":""},"categories":[1],"tags":[],"class_list":["post-8274","post","type-post","status-publish","format-standard","hentry","category-news"],"publishpress_future_action":{"enabled":false,"date":"2026-05-03 16:32:59","action":"change-status","newStatus":"draft","terms":[],"taxonomy":"category","extraData":[]},"publishpress_future_workflow_manual_trigger":{"enabledWorkflows":[]},"_links":{"self":[{"href":"https:\/\/hoegy.de\/homepage\/wp-json\/wp\/v2\/posts\/8274","targetHints":{"allow":["GET"]}}],"collection":[{"href":"https:\/\/hoegy.de\/homepage\/wp-json\/wp\/v2\/posts"}],"about":[{"href":"https:\/\/hoegy.de\/homepage\/wp-json\/wp\/v2\/types\/post"}],"author":[{"embeddable":true,"href":"https:\/\/hoegy.de\/homepage\/wp-json\/wp\/v2\/users\/8"}],"replies":[{"embeddable":true,"href":"https:\/\/hoegy.de\/homepage\/wp-json\/wp\/v2\/comments?post=8274"}],"version-history":[{"count":1,"href":"https:\/\/hoegy.de\/homepage\/wp-json\/wp\/v2\/posts\/8274\/revisions"}],"predecessor-version":[{"id":8275,"href":"https:\/\/hoegy.de\/homepage\/wp-json\/wp\/v2\/posts\/8274\/revisions\/8275"}],"wp:attachment":[{"href":"https:\/\/hoegy.de\/homepage\/wp-json\/wp\/v2\/media?parent=8274"}],"wp:term":[{"taxonomy":"category","embeddable":true,"href":"https:\/\/hoegy.de\/homepage\/wp-json\/wp\/v2\/categories?post=8274"},{"taxonomy":"post_tag","embeddable":true,"href":"https:\/\/hoegy.de\/homepage\/wp-json\/wp\/v2\/tags?post=8274"}],"curies":[{"name":"wp","href":"https:\/\/api.w.org\/{rel}","templated":true}]}}