{"id":9223,"date":"2022-09-21T21:22:11","date_gmt":"2022-09-21T19:22:11","guid":{"rendered":"https:\/\/hoegy.de\/homepage\/?p=9223"},"modified":"2022-09-21T21:22:11","modified_gmt":"2022-09-21T19:22:11","slug":"nach-corona-pause-kulturbeutel-startet-wieder-in-klasse-5","status":"publish","type":"post","link":"https:\/\/hoegy.de\/homepage\/nach-corona-pause-kulturbeutel-startet-wieder-in-klasse-5\/","title":{"rendered":"Nach Corona-Pause: Kulturbeutel startet wieder in Klasse 5"},"content":{"rendered":"<section class=\"l-section wpb_row height_small\"><div class=\"l-section-h i-cf\"><div class=\"g-cols vc_row via_flex valign_top type_default stacking_default\"><div class=\"vc_col-sm-12 wpb_column vc_column_container\"><div class=\"vc_column-inner\"><div class=\"wpb_wrapper\"><div class=\"wpb_text_column\"><div class=\"wpb_wrapper\"><p>\u00dcber 2 Jahre lag das kulturelle Leben ziemlich still, Museen hatten geschlossen, Theaterauff\u00fchrungen fielen aus und Konzerte wurden abgesagt. Jetzt kehrt das Leben wieder in die kulturellen Einrichtungen zur\u00fcck &#8211; Grund genug den H\u00f6Gy-Kulturbeutel wieder zu reaktivieren. Am vergangenen Mittwoch meldeten sich knapp 50 Sch\u00fcler:innen der Stufe 5 an, holten sich ihren Kulturbeutel und werden nun in den kommenden Monaten drei kulturelle Veranstaltungen besuchen und m\u00f6glichst kreativ dokumentieren. F\u00fcr besonders gelungene Kulturbeutel warten wieder zahlreiche Preise. Wir freuen uns, dass so viele F\u00fcnftkl\u00e4ssler:innen am Projekt teilnehmen. \u00dcbrigens: das Projekt soll zwar prinzipiell von unten neu starten, sollten jedoch Sch\u00fcler:innen der anderen Stufen Interesse haben einzusteigen: einfach bei Herrn Eisentraut oder Herrn Munz melden. Eine Teilnahme ist jederzeit m\u00f6glich.<\/p>\n<\/div><\/div><\/div><\/div><\/div><\/div><\/div><\/section>\n","protected":false},"excerpt":{"rendered":"\u00dcber 2 Jahre lag das kulturelle Leben ziemlich still, Museen hatten geschlossen, Theaterauff\u00fchrungen fielen aus und Konzerte wurden abgesagt. Jetzt kehrt das Leben wieder in die kulturellen Einrichtungen zur\u00fcck &#8211; Grund genug den H\u00f6Gy-Kulturbeutel wieder zu reaktivieren. Am vergangenen Mittwoch meldeten sich knapp 50 Sch\u00fcler:innen der Stufe 5 an, holten sich ihren Kulturbeutel und werden...","protected":false},"author":8,"featured_media":9226,"comment_status":"closed","ping_status":"open","sticky":false,"template":"","format":"standard","meta":{"footnotes":""},"categories":[1],"tags":[],"class_list":["post-9223","post","type-post","status-publish","format-standard","has-post-thumbnail","hentry","category-news"],"publishpress_future_action":{"enabled":false,"date":"2026-05-03 16:48:35","action":"change-status","newStatus":"draft","terms":[],"taxonomy":"category","extraData":[]},"publishpress_future_workflow_manual_trigger":{"enabledWorkflows":[]},"_links":{"self":[{"href":"https:\/\/hoegy.de\/homepage\/wp-json\/wp\/v2\/posts\/9223","targetHints":{"allow":["GET"]}}],"collection":[{"href":"https:\/\/hoegy.de\/homepage\/wp-json\/wp\/v2\/posts"}],"about":[{"href":"https:\/\/hoegy.de\/homepage\/wp-json\/wp\/v2\/types\/post"}],"author":[{"embeddable":true,"href":"https:\/\/hoegy.de\/homepage\/wp-json\/wp\/v2\/users\/8"}],"replies":[{"embeddable":true,"href":"https:\/\/hoegy.de\/homepage\/wp-json\/wp\/v2\/comments?post=9223"}],"version-history":[{"count":3,"href":"https:\/\/hoegy.de\/homepage\/wp-json\/wp\/v2\/posts\/9223\/revisions"}],"predecessor-version":[{"id":9227,"href":"https:\/\/hoegy.de\/homepage\/wp-json\/wp\/v2\/posts\/9223\/revisions\/9227"}],"wp:featuredmedia":[{"embeddable":true,"href":"https:\/\/hoegy.de\/homepage\/wp-json\/wp\/v2\/media\/9226"}],"wp:attachment":[{"href":"https:\/\/hoegy.de\/homepage\/wp-json\/wp\/v2\/media?parent=9223"}],"wp:term":[{"taxonomy":"category","embeddable":true,"href":"https:\/\/hoegy.de\/homepage\/wp-json\/wp\/v2\/categories?post=9223"},{"taxonomy":"post_tag","embeddable":true,"href":"https:\/\/hoegy.de\/homepage\/wp-json\/wp\/v2\/tags?post=9223"}],"curies":[{"name":"wp","href":"https:\/\/api.w.org\/{rel}","templated":true}]}}