{"id":9915,"date":"2023-02-05T20:37:11","date_gmt":"2023-02-05T19:37:11","guid":{"rendered":"https:\/\/hoegy.de\/homepage\/?p=9915"},"modified":"2023-02-05T20:37:11","modified_gmt":"2023-02-05T19:37:11","slug":"die-musikprofilklasse-9-schaut-hinter-die-kulissen","status":"publish","type":"post","link":"https:\/\/hoegy.de\/homepage\/die-musikprofilklasse-9-schaut-hinter-die-kulissen\/","title":{"rendered":"Die Musikprofilklasse 9 schaut hinter die Kulissen"},"content":{"rendered":"<section class=\"l-section wpb_row height_small\"><div class=\"l-section-h i-cf\"><div class=\"g-cols vc_row via_flex valign_top type_default stacking_default\"><div class=\"vc_col-sm-6 wpb_column vc_column_container\"><div class=\"vc_column-inner\"><div class=\"wpb_wrapper\"><div class=\"wpb_text_column\"><div class=\"wpb_wrapper\"><p>Am 3. Februar war die Musikprofilklasse 9 mit ihrem Lehrer Herrn Flick zu Gast hinter den Kulissen der Staatsoper Stuttgart. Beim etwa zweist\u00fcndigen Besuch erhielten die Sch\u00fclerinnen und Sch\u00fcler Einblicke in alles, was zu einer Musiktheaterproduktion geh\u00f6rt \u2013 von der B\u00fchne bis hin zu den Werkst\u00e4tten. Besonderen Eindruck hinterlie\u00dfen dabei der Malsaal, in dem man den Theatermalern bei der Arbeit zuschauen durfte, und nat\u00fcrlich der Kost\u00fcmfundus mit seinen opulenten Kleidern. Zus\u00e4tzlich gab es Informationen rund um Berufe und Praktikumsm\u00f6glichkeiten am Staatstheater, z.B. im Rahmen des BoGy-Praktikums in Klasse 10. Vielleicht kehrt ja der ein oder andere H\u00f6Gyianer bald f\u00fcr l\u00e4nger Zeit ans Staatstheater Stuttgart zur\u00fcck?<\/p>\n<\/div><\/div><\/div><\/div><\/div><div class=\"vc_col-sm-6 wpb_column vc_column_container\"><div class=\"vc_column-inner\"><div class=\"wpb_wrapper\"><div class=\"w-image align_none\"><a ref=\"magnificPopup\" href=\"https:\/\/hoegy.de\/homepage\/hgy-media\/20230203_093418-scaled.jpg\" aria-label=\"20230203_093418\" class=\"w-image-h\"><img decoding=\"async\" width=\"1920\" height=\"2560\" data-src=\"https:\/\/hoegy.de\/homepage\/hgy-media\/20230203_093418-scaled.jpg\" class=\"attachment-full size-full lazyload\" alt=\"\" data-srcset=\"https:\/\/hoegy.de\/homepage\/hgy-media\/20230203_093418-scaled.jpg 1920w, https:\/\/hoegy.de\/homepage\/hgy-media\/20230203_093418-150x200.jpg 150w, https:\/\/hoegy.de\/homepage\/hgy-media\/20230203_093418-768x1024.jpg 768w, https:\/\/hoegy.de\/homepage\/hgy-media\/20230203_093418-446x595.jpg 446w, https:\/\/hoegy.de\/homepage\/hgy-media\/20230203_093418-38x50.jpg 38w, https:\/\/hoegy.de\/homepage\/hgy-media\/20230203_093418-1320x1760.jpg 1320w\" data-sizes=\"auto, (max-width: 1920px) 100vw, 1920px\" src=\"data:image\/svg+xml;base64,PHN2ZyB3aWR0aD0iMSIgaGVpZ2h0PSIxIiB4bWxucz0iaHR0cDovL3d3dy53My5vcmcvMjAwMC9zdmciPjwvc3ZnPg==\" style=\"--smush-placeholder-width: 1920px; --smush-placeholder-aspect-ratio: 1920\/2560;\" \/><\/a><\/div><\/div><\/div><\/div><\/div><\/div><\/section>\n","protected":false},"excerpt":{"rendered":"Am 3. Februar war die Musikprofilklasse 9 mit ihrem Lehrer Herrn Flick zu Gast hinter den Kulissen der Staatsoper Stuttgart. Beim etwa zweist\u00fcndigen Besuch erhielten die Sch\u00fclerinnen und Sch\u00fcler Einblicke in alles, was zu einer Musiktheaterproduktion geh\u00f6rt \u2013 von der B\u00fchne bis hin zu den Werkst\u00e4tten. Besonderen Eindruck hinterlie\u00dfen dabei der Malsaal, in dem man...","protected":false},"author":8,"featured_media":9917,"comment_status":"closed","ping_status":"open","sticky":false,"template":"","format":"standard","meta":{"footnotes":""},"categories":[1],"tags":[],"class_list":["post-9915","post","type-post","status-publish","format-standard","has-post-thumbnail","hentry","category-news"],"publishpress_future_action":{"enabled":false,"date":"2026-05-03 14:31:57","action":"change-status","newStatus":"draft","terms":[],"taxonomy":"category","extraData":[]},"publishpress_future_workflow_manual_trigger":{"enabledWorkflows":[]},"_links":{"self":[{"href":"https:\/\/hoegy.de\/homepage\/wp-json\/wp\/v2\/posts\/9915","targetHints":{"allow":["GET"]}}],"collection":[{"href":"https:\/\/hoegy.de\/homepage\/wp-json\/wp\/v2\/posts"}],"about":[{"href":"https:\/\/hoegy.de\/homepage\/wp-json\/wp\/v2\/types\/post"}],"author":[{"embeddable":true,"href":"https:\/\/hoegy.de\/homepage\/wp-json\/wp\/v2\/users\/8"}],"replies":[{"embeddable":true,"href":"https:\/\/hoegy.de\/homepage\/wp-json\/wp\/v2\/comments?post=9915"}],"version-history":[{"count":2,"href":"https:\/\/hoegy.de\/homepage\/wp-json\/wp\/v2\/posts\/9915\/revisions"}],"predecessor-version":[{"id":11238,"href":"https:\/\/hoegy.de\/homepage\/wp-json\/wp\/v2\/posts\/9915\/revisions\/11238"}],"wp:featuredmedia":[{"embeddable":true,"href":"https:\/\/hoegy.de\/homepage\/wp-json\/wp\/v2\/media\/9917"}],"wp:attachment":[{"href":"https:\/\/hoegy.de\/homepage\/wp-json\/wp\/v2\/media?parent=9915"}],"wp:term":[{"taxonomy":"category","embeddable":true,"href":"https:\/\/hoegy.de\/homepage\/wp-json\/wp\/v2\/categories?post=9915"},{"taxonomy":"post_tag","embeddable":true,"href":"https:\/\/hoegy.de\/homepage\/wp-json\/wp\/v2\/tags?post=9915"}],"curies":[{"name":"wp","href":"https:\/\/api.w.org\/{rel}","templated":true}]}}